{"id":2444,"date":"2025-03-12T08:06:01","date_gmt":"2025-03-12T11:06:01","guid":{"rendered":"https:\/\/www.posgraduacao.unimontes.br\/ppgl\/?p=2444"},"modified":"2025-03-12T08:06:06","modified_gmt":"2025-03-12T11:06:06","slug":"chamada-aberta-para-a-revista-cadernos-de-estudos-culturais","status":"publish","type":"post","link":"https:\/\/www.posgraduacao.unimontes.br\/ppgl\/2025\/03\/12\/chamada-aberta-para-a-revista-cadernos-de-estudos-culturais\/","title":{"rendered":"chamada aberta para a revista &#8220;Cadernos de Estudos Culturais&#8221;"},"content":{"rendered":"\n<p>\n\nA revista&nbsp;<strong>Cadernos de Estudos Culturais<\/strong>, da UFMS, est\u00e1 com chamada aberta at\u00e9 o dia&nbsp;<strong>30 de agosto de 2025<\/strong>. Al\u00e9m da sua Se\u00e7\u00e3o V\u00e1ria, h\u00e1 um dossi\u00ea tem\u00e1tico no qual os editores convidam&nbsp;todas as pessoas comprometidas com a ideia poss\u00edvel de con-viver, por meio de um&nbsp;<em>pensamento descolonizado<\/em>&nbsp;como&nbsp;<em>ana-l\u00e9tico<\/em>, nas diferen\u00e7as em um mundo melhor \u2013 e que n\u00e3o seja uma mera alternativa dentro da dial\u00e9tica de&nbsp;<em>mundo civilizado e de desenvolvimento por meio do progresso a qualquer custo, ocidentais<\/em>&nbsp;(Acosta) \u2013, a submeterem suas reflex\u00f5es, pensamentos e filosofias ANA-L\u00c9TICAS DAS DIFEREN\u00c7AS aos \u201cCadernos de Estudos Culturais (2009)\u201d (Edi\u00e7\u00e3o 31) que sempre buscaram evidenciar diferen\u00e7as culturais nas culturas das diferen\u00e7as.<br>Para mais informa\u00e7\u00f5es, acessem o site da revista:&nbsp;<a href=\"https:\/\/periodicos.ufms.br\/index.php\/cadec\/index\" target=\"_blank\" rel=\"noreferrer noopener\">https:\/\/periodicos.ufms.br\/index.php\/cadec\/index<\/a>.&nbsp;<br><\/p>\n\n\n\n<figure class=\"wp-block-image\"><img src=\"https:\/\/mail.google.com\/mail\/u\/0?ui=2&amp;ik=2a92338c9b&amp;attid=0.1&amp;permmsgid=msg-f:1826332589642616365&amp;th=19586fd05f5e0e2d&amp;view=fimg&amp;fur=ip&amp;permmsgid=msg-f:1826332589642616365&amp;sz=s0-l75-ft&amp;attbid=ANGjdJ8HkqcPbpePyj18gkSQW5Ucw3vWMTw9mMgaitIUdsxKUwwwLPrJXBhI0pbd3kwRmn2XyGFvvEwO9Euu_I1jCCBU50Ya6FqL2cYR5gqUavS1bjsBPMHDWJ1iRWI&amp;disp=emb&amp;realattid=ii_m84yx5p50&amp;zw\" alt=\"chamada de revista.jpg\" \/><\/figure>\n","protected":false},"excerpt":{"rendered":"<p>A revista&nbsp;Cadernos de Estudos Culturais, da UFMS, est\u00e1 com chamada aberta at\u00e9 o dia&nbsp;30 de agosto de 2025. Al\u00e9m da sua Se\u00e7\u00e3o V\u00e1ria, h\u00e1 um dossi\u00ea tem\u00e1tico no qual os editores convidam&nbsp;todas as pessoas comprometidas com a ideia poss\u00edvel de con-viver, por meio de um&nbsp;pensamento descolonizado&nbsp;como&nbsp;ana-l\u00e9tico, nas diferen\u00e7as em um mundo melhor \u2013 e que [&hellip;]<\/p>\n","protected":false},"author":8,"featured_media":0,"comment_status":"closed","ping_status":"closed","sticky":false,"template":"","format":"standard","meta":[],"categories":[36],"tags":[],"yoast_head":"<!-- This site is optimized with the Yoast SEO plugin v14.7 - https:\/\/yoast.com\/wordpress\/plugins\/seo\/ -->\n<title>chamada aberta para a revista &quot;Cadernos de Estudos Culturais&quot; - Programa de P\u00f3s-Gradua\u00e7\u00e3o em Letras\/Estudos Liter\u00e1rios<\/title>\n<meta name=\"robots\" content=\"index, follow\" \/>\n<meta name=\"googlebot\" content=\"index, follow, max-snippet:-1, max-image-preview:large, max-video-preview:-1\" \/>\n<meta name=\"bingbot\" content=\"index, follow, max-snippet:-1, max-image-preview:large, max-video-preview:-1\" \/>\n<link rel=\"canonical\" href=\"https:\/\/www.posgraduacao.unimontes.br\/ppgl\/2025\/03\/12\/chamada-aberta-para-a-revista-cadernos-de-estudos-culturais\/\" \/>\n<meta property=\"og:locale\" content=\"pt_BR\" \/>\n<meta property=\"og:type\" content=\"article\" \/>\n<meta property=\"og:title\" content=\"chamada aberta para a revista &quot;Cadernos de Estudos Culturais&quot; - Programa de P\u00f3s-Gradua\u00e7\u00e3o em Letras\/Estudos Liter\u00e1rios\" \/>\n<meta property=\"og:description\" content=\"A revista&nbsp;Cadernos de Estudos Culturais, da UFMS, est\u00e1 com chamada aberta at\u00e9 o dia&nbsp;30 de agosto de 2025. Al\u00e9m da sua Se\u00e7\u00e3o V\u00e1ria, h\u00e1 um dossi\u00ea tem\u00e1tico no qual os editores convidam&nbsp;todas as pessoas comprometidas com a ideia poss\u00edvel de con-viver, por meio de um&nbsp;pensamento descolonizado&nbsp;como&nbsp;ana-l\u00e9tico, nas diferen\u00e7as em um mundo melhor \u2013 e que [&hellip;]\" \/>\n<meta property=\"og:url\" content=\"https:\/\/www.posgraduacao.unimontes.br\/ppgl\/2025\/03\/12\/chamada-aberta-para-a-revista-cadernos-de-estudos-culturais\/\" \/>\n<meta property=\"og:site_name\" content=\"Programa de P\u00f3s-Gradua\u00e7\u00e3o em Letras\/Estudos Liter\u00e1rios\" \/>\n<meta property=\"article:published_time\" content=\"2025-03-12T11:06:01+00:00\" \/>\n<meta property=\"article:modified_time\" content=\"2025-03-12T11:06:06+00:00\" \/>\n<meta property=\"og:image\" content=\"https:\/\/mail.google.com\/mail\/u\/0?ui=2&#038;ik=2a92338c9b&#038;attid=0.1&#038;permmsgid=msg-f:1826332589642616365&#038;th=19586fd05f5e0e2d&#038;view=fimg&#038;fur=ip&#038;permmsgid=msg-f:1826332589642616365&#038;sz=s0-l75-ft&#038;attbid=ANGjdJ8HkqcPbpePyj18gkSQW5Ucw3vWMTw9mMgaitIUdsxKUwwwLPrJXBhI0pbd3kwRmn2XyGFvvEwO9Euu_I1jCCBU50Ya6FqL2cYR5gqUavS1bjsBPMHDWJ1iRWI&#038;disp=emb&#038;realattid=ii_m84yx5p50&#038;zw\" \/>\n<meta name=\"twitter:card\" content=\"summary_large_image\" \/>\n<script type=\"application\/ld+json\" class=\"yoast-schema-graph\">{\"@context\":\"https:\/\/schema.org\",\"@graph\":[{\"@type\":\"WebSite\",\"@id\":\"https:\/\/www.posgraduacao.unimontes.br\/ppgl\/#website\",\"url\":\"https:\/\/www.posgraduacao.unimontes.br\/ppgl\/\",\"name\":\"Programa de P\\u00f3s-Gradua\\u00e7\\u00e3o em Letras\/Estudos Liter\\u00e1rios\",\"description\":\"Universidade Estadual de Montes Claros - Unimontes\",\"potentialAction\":[{\"@type\":\"SearchAction\",\"target\":\"https:\/\/www.posgraduacao.unimontes.br\/ppgl\/?s={search_term_string}\",\"query-input\":\"required name=search_term_string\"}],\"inLanguage\":\"pt-BR\"},{\"@type\":\"ImageObject\",\"@id\":\"https:\/\/www.posgraduacao.unimontes.br\/ppgl\/2025\/03\/12\/chamada-aberta-para-a-revista-cadernos-de-estudos-culturais\/#primaryimage\",\"inLanguage\":\"pt-BR\",\"url\":\"https:\/\/mail.google.com\/mail\/u\/0?ui=2&amp;ik=2a92338c9b&amp;attid=0.1&amp;permmsgid=msg-f:1826332589642616365&amp;th=19586fd05f5e0e2d&amp;view=fimg&amp;fur=ip&amp;permmsgid=msg-f:1826332589642616365&amp;sz=s0-l75-ft&amp;attbid=ANGjdJ8HkqcPbpePyj18gkSQW5Ucw3vWMTw9mMgaitIUdsxKUwwwLPrJXBhI0pbd3kwRmn2XyGFvvEwO9Euu_I1jCCBU50Ya6FqL2cYR5gqUavS1bjsBPMHDWJ1iRWI&amp;disp=emb&amp;realattid=ii_m84yx5p50&amp;zw\"},{\"@type\":\"WebPage\",\"@id\":\"https:\/\/www.posgraduacao.unimontes.br\/ppgl\/2025\/03\/12\/chamada-aberta-para-a-revista-cadernos-de-estudos-culturais\/#webpage\",\"url\":\"https:\/\/www.posgraduacao.unimontes.br\/ppgl\/2025\/03\/12\/chamada-aberta-para-a-revista-cadernos-de-estudos-culturais\/\",\"name\":\"chamada aberta para a revista \\\"Cadernos de Estudos Culturais\\\" - Programa de P\\u00f3s-Gradua\\u00e7\\u00e3o em Letras\/Estudos Liter\\u00e1rios\",\"isPartOf\":{\"@id\":\"https:\/\/www.posgraduacao.unimontes.br\/ppgl\/#website\"},\"primaryImageOfPage\":{\"@id\":\"https:\/\/www.posgraduacao.unimontes.br\/ppgl\/2025\/03\/12\/chamada-aberta-para-a-revista-cadernos-de-estudos-culturais\/#primaryimage\"},\"datePublished\":\"2025-03-12T11:06:01+00:00\",\"dateModified\":\"2025-03-12T11:06:06+00:00\",\"author\":{\"@id\":\"https:\/\/www.posgraduacao.unimontes.br\/ppgl\/#\/schema\/person\/3dcc7dc6b1c6b214c2b251c2fe91d7ba\"},\"inLanguage\":\"pt-BR\",\"potentialAction\":[{\"@type\":\"ReadAction\",\"target\":[\"https:\/\/www.posgraduacao.unimontes.br\/ppgl\/2025\/03\/12\/chamada-aberta-para-a-revista-cadernos-de-estudos-culturais\/\"]}]},{\"@type\":[\"Person\"],\"@id\":\"https:\/\/www.posgraduacao.unimontes.br\/ppgl\/#\/schema\/person\/3dcc7dc6b1c6b214c2b251c2fe91d7ba\",\"name\":\"ppgl\",\"image\":{\"@type\":\"ImageObject\",\"@id\":\"https:\/\/www.posgraduacao.unimontes.br\/ppgl\/#personlogo\",\"inLanguage\":\"pt-BR\",\"url\":\"https:\/\/secure.gravatar.com\/avatar\/957312082955906ffeb54778cb4e47c3?s=96&d=mm&r=g\",\"caption\":\"ppgl\"}}]}<\/script>\n<!-- \/ Yoast SEO plugin. -->","_links":{"self":[{"href":"https:\/\/www.posgraduacao.unimontes.br\/ppgl\/wp-json\/wp\/v2\/posts\/2444"}],"collection":[{"href":"https:\/\/www.posgraduacao.unimontes.br\/ppgl\/wp-json\/wp\/v2\/posts"}],"about":[{"href":"https:\/\/www.posgraduacao.unimontes.br\/ppgl\/wp-json\/wp\/v2\/types\/post"}],"author":[{"embeddable":true,"href":"https:\/\/www.posgraduacao.unimontes.br\/ppgl\/wp-json\/wp\/v2\/users\/8"}],"replies":[{"embeddable":true,"href":"https:\/\/www.posgraduacao.unimontes.br\/ppgl\/wp-json\/wp\/v2\/comments?post=2444"}],"version-history":[{"count":1,"href":"https:\/\/www.posgraduacao.unimontes.br\/ppgl\/wp-json\/wp\/v2\/posts\/2444\/revisions"}],"predecessor-version":[{"id":2445,"href":"https:\/\/www.posgraduacao.unimontes.br\/ppgl\/wp-json\/wp\/v2\/posts\/2444\/revisions\/2445"}],"wp:attachment":[{"href":"https:\/\/www.posgraduacao.unimontes.br\/ppgl\/wp-json\/wp\/v2\/media?parent=2444"}],"wp:term":[{"taxonomy":"category","embeddable":true,"href":"https:\/\/www.posgraduacao.unimontes.br\/ppgl\/wp-json\/wp\/v2\/categories?post=2444"},{"taxonomy":"post_tag","embeddable":true,"href":"https:\/\/www.posgraduacao.unimontes.br\/ppgl\/wp-json\/wp\/v2\/tags?post=2444"}],"curies":[{"name":"wp","href":"https:\/\/api.w.org\/{rel}","templated":true}]}}