{"id":2435,"date":"2025-03-06T08:28:33","date_gmt":"2025-03-06T11:28:33","guid":{"rendered":"https:\/\/www.posgraduacao.unimontes.br\/ppgl\/?p=2435"},"modified":"2025-03-06T08:30:26","modified_gmt":"2025-03-06T11:30:26","slug":"chamada-para-submissao-de-artigos-revista-lingua-nostra-literatura-filosofia-e-psicanalise-entre-lugares-encruzilhadas-dobras","status":"publish","type":"post","link":"https:\/\/www.posgraduacao.unimontes.br\/ppgl\/2025\/03\/06\/chamada-para-submissao-de-artigos-revista-lingua-nostra-literatura-filosofia-e-psicanalise-entre-lugares-encruzilhadas-dobras\/","title":{"rendered":"Chamada para submiss\u00e3o de artigos: Revista L\u00edngua Nostra &#8211; Literatura, Filosofia e Psican\u00e1lise: Entre-lugares, encruzilhadas, dobras"},"content":{"rendered":"\n<figure class=\"wp-block-image size-large\"><img loading=\"lazy\" width=\"819\" height=\"1024\" src=\"https:\/\/www.posgraduacao.unimontes.br\/uploads\/sites\/12\/2025\/03\/unnamed-819x1024.png\" alt=\"\" class=\"wp-image-2436\" srcset=\"https:\/\/www.posgraduacao.unimontes.br\/uploads\/sites\/12\/2025\/03\/unnamed-819x1024.png 819w, https:\/\/www.posgraduacao.unimontes.br\/uploads\/sites\/12\/2025\/03\/unnamed-240x300.png 240w, https:\/\/www.posgraduacao.unimontes.br\/uploads\/sites\/12\/2025\/03\/unnamed-120x150.png 120w, https:\/\/www.posgraduacao.unimontes.br\/uploads\/sites\/12\/2025\/03\/unnamed-614x768.png 614w, https:\/\/www.posgraduacao.unimontes.br\/uploads\/sites\/12\/2025\/03\/unnamed.png 1080w\" sizes=\"(max-width: 819px) 100vw, 819px\" \/><\/figure>\n\n\n\n<p>\n\nA&nbsp;<strong>Revista L\u00edngua Nostra<\/strong>&nbsp;&#8211;&nbsp;<em>Literatura, Filosofia e Psican\u00e1lise: Entre-lugares, encruzilhadas, dobras,<\/em>&nbsp;abre chamada para submiss\u00e3o de artigos.Em pref\u00e1cio \u00e0 tradu\u00e7\u00e3o brasileira do seminal Luto e melancolia, de Sigmund Freud, Maria Rita Kehl (2013) lembra que a longa tradi\u00e7\u00e3o ocidental, que associava ao \u201cg\u00eanio\u201d po\u00e9tico o humor oscilante do melanc\u00f3lico \u2013 entre o extremo da sua condi\u00e7\u00e3o e o \u201cpolo ant\u00edpoda\u201d da mania \u2013, n\u00e3o havia, certamente, sido ignorada pelo criador da psican\u00e1lise na escolha desse significante para \u201cdesafiar a psiquiatria de sua \u00e9poca\u201d (p. 23). Tr\u00eas anos ap\u00f3s a publica\u00e7\u00e3o desse ensaio de 1917, em Al\u00e9m do princ\u00edpio de prazer, Freud (2019) encontra, na epopeia rom\u00e2ntica de Torquato Tasso, Jerusal\u00e9m libertada, \u201ca figura\u00e7\u00e3o po\u00e9tica mais comovente de semelhante tra\u00e7o fat\u00eddico\u201d (Freud, 2019, p. 71) com a compuls\u00e3o \u00e0 repeti\u00e7\u00e3o do trauma nos atos inconscientes do sobrevivente. (&#8230;) O romance, lembra-nos Linda Hutcheon (1988), desafia a leitura psicanal\u00edtica das causas do adoecimento da protagonista \u2013 que n\u00e3o s\u00e3o da ordem de um passado ps\u00edquico individual, mas de um futuro coletivo, sofrido, exemplarmente, no corpo singular de uma judia em determinado presente hist\u00f3rico. Nesse momento, alcan\u00e7amos n\u00e3o somente a intersec\u00e7\u00e3o dos arquivos reais e ficcionais da psican\u00e1lise no discurso liter\u00e1rio, mas somos guiados \u00e0 encruzilhada do pensamento de Jacques Derrida, fil\u00f3sofo franco-magrebino de origem judaica, leitor de Freud, cujo interesse pela literatura se recrudesce na sua paix\u00e3o pela l\u00edngua, pela palavra\/escrita idiom\u00e1tica intraduz\u00edvel a-traduzir que encontra sua express\u00e3o maior no poema. Conforme o fil\u00f3sofo, a pergunta sobre a ess\u00eancia \u2013 \u201co que \u00e9 &#8230;?\u2019\u201d \u2013 do poema \u201cchora\u201d seu desaparecimento (Derrida, 2001, p, 116), pois, longe de portar uma ess\u00eancia, a escrita po\u00e9tica e liter\u00e1ria se desdobra (e se dobra em torno de \u2018si\u2019) no rastro de diferen\u00e7a, da alteridade \u2013 o poema \u00e9 o outro, o outro da prosa, da filosofia. O pensamento de Jacques Derrida tamb\u00e9m se inscreve nesse entre-lugar, nem filos\u00f3fico, nem liter\u00e1rio e, ao mesmo tempo, um e outro (e outro&#8230;). Em B\u00e9liers, o pensador franco-magrebino (2003) refaz a alian\u00e7a entre a literatura, a filosofia e, ainda que laconicamente, a psican\u00e1lise \u2013 ao evocar a dicotomia freudiana do luto\/melancolia na leitura do verso de Paul Celan \u201cDie Welt ist fort, ich muss dich tragen\u201d (O mundo est\u00e1 longe\/acabou, eu tenho de te portar\/carregar). A alian\u00e7a se delineia, metonimicamente, no movimento circular de um eterno retorno, em torno da circuncis\u00e3o de tr\u00eas corpos judeus e da circunscri\u00e7\u00e3o de seus corpos textuais (filos\u00f3fico, po\u00e9tico e psicanal\u00edtico), um carregando o outro \u2013 o pensamento de Derrida que porta o verso de Celan, em volta do luto e de um certo corpus da psican\u00e1lise. Nessa introje\u00e7\u00e3o do outro \u2013 liter\u00e1rio, psicanal\u00edtico ou filos\u00f3fico \u2013 e no limiar impreciso onde se confundem os discursos, vislumbramos o espa\u00e7o prof\u00edcuo para discuss\u00f5es em torno dessa alian\u00e7a.<strong>Prazo de submiss\u00e3o<\/strong>: at\u00e9 20 de mar\u00e7o de 2025<strong>Emiss\u00e3o de parecer:<\/strong>&nbsp;at\u00e9 20 de maio de 2025<strong>Publica\u00e7\u00e3o:<\/strong>&nbsp;at\u00e9 30 de junho de 2025Mais informa\u00e7\u00f5es:&nbsp;<a href=\"https:\/\/periodicos2.uesb.br\/index.php\/lnostra\/announcement\/view\/287\" target=\"_blank\" rel=\"noreferrer noopener\">https:\/\/periodicos2.uesb.br\/index.php\/lnostra\/announcement\/view\/287<\/a><\/p>\n","protected":false},"excerpt":{"rendered":"<p>A&nbsp;Revista L\u00edngua Nostra&nbsp;&#8211;&nbsp;Literatura, Filosofia e Psican\u00e1lise: Entre-lugares, encruzilhadas, dobras,&nbsp;abre chamada para submiss\u00e3o de artigos.Em pref\u00e1cio \u00e0 tradu\u00e7\u00e3o brasileira do seminal Luto e melancolia, de Sigmund Freud, Maria Rita Kehl (2013) lembra que a longa tradi\u00e7\u00e3o ocidental, que associava ao \u201cg\u00eanio\u201d po\u00e9tico o humor oscilante do melanc\u00f3lico \u2013 entre o extremo da sua condi\u00e7\u00e3o e o [&hellip;]<\/p>\n","protected":false},"author":8,"featured_media":0,"comment_status":"closed","ping_status":"closed","sticky":false,"template":"","format":"standard","meta":[],"categories":[1],"tags":[],"yoast_head":"<!-- This site is optimized with the Yoast SEO plugin v14.7 - https:\/\/yoast.com\/wordpress\/plugins\/seo\/ -->\n<title>Chamada para submiss\u00e3o de artigos: Revista L\u00edngua Nostra - Literatura, Filosofia e Psican\u00e1lise: Entre-lugares, encruzilhadas, dobras - Programa de P\u00f3s-Gradua\u00e7\u00e3o em Letras\/Estudos Liter\u00e1rios<\/title>\n<meta name=\"robots\" content=\"index, follow\" \/>\n<meta name=\"googlebot\" content=\"index, follow, max-snippet:-1, max-image-preview:large, max-video-preview:-1\" \/>\n<meta name=\"bingbot\" content=\"index, follow, max-snippet:-1, max-image-preview:large, max-video-preview:-1\" \/>\n<link rel=\"canonical\" href=\"https:\/\/www.posgraduacao.unimontes.br\/ppgl\/2025\/03\/06\/chamada-para-submissao-de-artigos-revista-lingua-nostra-literatura-filosofia-e-psicanalise-entre-lugares-encruzilhadas-dobras\/\" \/>\n<meta property=\"og:locale\" content=\"pt_BR\" \/>\n<meta property=\"og:type\" content=\"article\" \/>\n<meta property=\"og:title\" content=\"Chamada para submiss\u00e3o de artigos: Revista L\u00edngua Nostra - Literatura, Filosofia e Psican\u00e1lise: Entre-lugares, encruzilhadas, dobras - Programa de P\u00f3s-Gradua\u00e7\u00e3o em Letras\/Estudos Liter\u00e1rios\" \/>\n<meta property=\"og:description\" content=\"A&nbsp;Revista L\u00edngua Nostra&nbsp;&#8211;&nbsp;Literatura, Filosofia e Psican\u00e1lise: Entre-lugares, encruzilhadas, dobras,&nbsp;abre chamada para submiss\u00e3o de artigos.Em pref\u00e1cio \u00e0 tradu\u00e7\u00e3o brasileira do seminal Luto e melancolia, de Sigmund Freud, Maria Rita Kehl (2013) lembra que a longa tradi\u00e7\u00e3o ocidental, que associava ao \u201cg\u00eanio\u201d po\u00e9tico o humor oscilante do melanc\u00f3lico \u2013 entre o extremo da sua condi\u00e7\u00e3o e o [&hellip;]\" \/>\n<meta property=\"og:url\" content=\"https:\/\/www.posgraduacao.unimontes.br\/ppgl\/2025\/03\/06\/chamada-para-submissao-de-artigos-revista-lingua-nostra-literatura-filosofia-e-psicanalise-entre-lugares-encruzilhadas-dobras\/\" \/>\n<meta property=\"og:site_name\" content=\"Programa de P\u00f3s-Gradua\u00e7\u00e3o em Letras\/Estudos Liter\u00e1rios\" \/>\n<meta property=\"article:published_time\" content=\"2025-03-06T11:28:33+00:00\" \/>\n<meta property=\"article:modified_time\" content=\"2025-03-06T11:30:26+00:00\" \/>\n<meta property=\"og:image\" content=\"https:\/\/www.posgraduacao.unimontes.br\/uploads\/sites\/12\/2025\/03\/unnamed-819x1024.png\" \/>\n<meta name=\"twitter:card\" content=\"summary_large_image\" \/>\n<script type=\"application\/ld+json\" class=\"yoast-schema-graph\">{\"@context\":\"https:\/\/schema.org\",\"@graph\":[{\"@type\":\"WebSite\",\"@id\":\"https:\/\/www.posgraduacao.unimontes.br\/ppgl\/#website\",\"url\":\"https:\/\/www.posgraduacao.unimontes.br\/ppgl\/\",\"name\":\"Programa de P\\u00f3s-Gradua\\u00e7\\u00e3o em Letras\/Estudos Liter\\u00e1rios\",\"description\":\"Universidade Estadual de Montes Claros - Unimontes\",\"potentialAction\":[{\"@type\":\"SearchAction\",\"target\":\"https:\/\/www.posgraduacao.unimontes.br\/ppgl\/?s={search_term_string}\",\"query-input\":\"required name=search_term_string\"}],\"inLanguage\":\"pt-BR\"},{\"@type\":\"ImageObject\",\"@id\":\"https:\/\/www.posgraduacao.unimontes.br\/ppgl\/2025\/03\/06\/chamada-para-submissao-de-artigos-revista-lingua-nostra-literatura-filosofia-e-psicanalise-entre-lugares-encruzilhadas-dobras\/#primaryimage\",\"inLanguage\":\"pt-BR\",\"url\":\"https:\/\/www.posgraduacao.unimontes.br\/uploads\/sites\/12\/2025\/03\/unnamed-819x1024.png\"},{\"@type\":\"WebPage\",\"@id\":\"https:\/\/www.posgraduacao.unimontes.br\/ppgl\/2025\/03\/06\/chamada-para-submissao-de-artigos-revista-lingua-nostra-literatura-filosofia-e-psicanalise-entre-lugares-encruzilhadas-dobras\/#webpage\",\"url\":\"https:\/\/www.posgraduacao.unimontes.br\/ppgl\/2025\/03\/06\/chamada-para-submissao-de-artigos-revista-lingua-nostra-literatura-filosofia-e-psicanalise-entre-lugares-encruzilhadas-dobras\/\",\"name\":\"Chamada para submiss\\u00e3o de artigos: Revista L\\u00edngua Nostra - Literatura, Filosofia e Psican\\u00e1lise: Entre-lugares, encruzilhadas, dobras - Programa de P\\u00f3s-Gradua\\u00e7\\u00e3o em Letras\/Estudos Liter\\u00e1rios\",\"isPartOf\":{\"@id\":\"https:\/\/www.posgraduacao.unimontes.br\/ppgl\/#website\"},\"primaryImageOfPage\":{\"@id\":\"https:\/\/www.posgraduacao.unimontes.br\/ppgl\/2025\/03\/06\/chamada-para-submissao-de-artigos-revista-lingua-nostra-literatura-filosofia-e-psicanalise-entre-lugares-encruzilhadas-dobras\/#primaryimage\"},\"datePublished\":\"2025-03-06T11:28:33+00:00\",\"dateModified\":\"2025-03-06T11:30:26+00:00\",\"author\":{\"@id\":\"https:\/\/www.posgraduacao.unimontes.br\/ppgl\/#\/schema\/person\/3dcc7dc6b1c6b214c2b251c2fe91d7ba\"},\"inLanguage\":\"pt-BR\",\"potentialAction\":[{\"@type\":\"ReadAction\",\"target\":[\"https:\/\/www.posgraduacao.unimontes.br\/ppgl\/2025\/03\/06\/chamada-para-submissao-de-artigos-revista-lingua-nostra-literatura-filosofia-e-psicanalise-entre-lugares-encruzilhadas-dobras\/\"]}]},{\"@type\":[\"Person\"],\"@id\":\"https:\/\/www.posgraduacao.unimontes.br\/ppgl\/#\/schema\/person\/3dcc7dc6b1c6b214c2b251c2fe91d7ba\",\"name\":\"ppgl\",\"image\":{\"@type\":\"ImageObject\",\"@id\":\"https:\/\/www.posgraduacao.unimontes.br\/ppgl\/#personlogo\",\"inLanguage\":\"pt-BR\",\"url\":\"https:\/\/secure.gravatar.com\/avatar\/957312082955906ffeb54778cb4e47c3?s=96&d=mm&r=g\",\"caption\":\"ppgl\"}}]}<\/script>\n<!-- \/ Yoast SEO plugin. -->","_links":{"self":[{"href":"https:\/\/www.posgraduacao.unimontes.br\/ppgl\/wp-json\/wp\/v2\/posts\/2435"}],"collection":[{"href":"https:\/\/www.posgraduacao.unimontes.br\/ppgl\/wp-json\/wp\/v2\/posts"}],"about":[{"href":"https:\/\/www.posgraduacao.unimontes.br\/ppgl\/wp-json\/wp\/v2\/types\/post"}],"author":[{"embeddable":true,"href":"https:\/\/www.posgraduacao.unimontes.br\/ppgl\/wp-json\/wp\/v2\/users\/8"}],"replies":[{"embeddable":true,"href":"https:\/\/www.posgraduacao.unimontes.br\/ppgl\/wp-json\/wp\/v2\/comments?post=2435"}],"version-history":[{"count":1,"href":"https:\/\/www.posgraduacao.unimontes.br\/ppgl\/wp-json\/wp\/v2\/posts\/2435\/revisions"}],"predecessor-version":[{"id":2437,"href":"https:\/\/www.posgraduacao.unimontes.br\/ppgl\/wp-json\/wp\/v2\/posts\/2435\/revisions\/2437"}],"wp:attachment":[{"href":"https:\/\/www.posgraduacao.unimontes.br\/ppgl\/wp-json\/wp\/v2\/media?parent=2435"}],"wp:term":[{"taxonomy":"category","embeddable":true,"href":"https:\/\/www.posgraduacao.unimontes.br\/ppgl\/wp-json\/wp\/v2\/categories?post=2435"},{"taxonomy":"post_tag","embeddable":true,"href":"https:\/\/www.posgraduacao.unimontes.br\/ppgl\/wp-json\/wp\/v2\/tags?post=2435"}],"curies":[{"name":"wp","href":"https:\/\/api.w.org\/{rel}","templated":true}]}}