{"id":2424,"date":"2025-02-28T11:06:11","date_gmt":"2025-02-28T14:06:11","guid":{"rendered":"https:\/\/www.posgraduacao.unimontes.br\/ppgl\/?p=2424"},"modified":"2025-02-28T11:06:13","modified_gmt":"2025-02-28T14:06:13","slug":"ix-congresso-de-professores-de-literaturas-africanas-de-lingua-portuguesa-e-i-encontro-nacional-da-afrolic","status":"publish","type":"post","link":"https:\/\/www.posgraduacao.unimontes.br\/ppgl\/2025\/02\/28\/ix-congresso-de-professores-de-literaturas-africanas-de-lingua-portuguesa-e-i-encontro-nacional-da-afrolic\/","title":{"rendered":"IX Congresso de Professores de Literaturas Africanas de L\u00edngua Portuguesa e I Encontro Nacional da AFROLIC"},"content":{"rendered":"\n<p>\n\nComunicamos que entre 03\/02 e 30\/03\/2025 est\u00e1 aberto o per\u00edodo de submiss\u00e3o de Comunica\u00e7\u00f5es e P\u00f4steres no<strong>&nbsp; IX Congresso de Professores de Literaturas Africanas de L\u00edngua Portuguesa e I Encontro Nacional da AFROLIC<\/strong>.O congresso ter\u00e1 como tem\u00e1tica &#8220;<em>Decolonialidade e Pol\u00edticas de Resist\u00eancia: 50 anos das Independ\u00eancias dos pa\u00edses Africanos de L\u00edngua Portuguesa&#8221; e&nbsp;<\/em>acontecer\u00e1 de 04 a 06 de junho de 2025, na cidade de S\u00e3o Lu\u00eds \u2013 MA, e ser\u00e1 sediado na Faculdade de Hist\u00f3ria da Universidade Estadual do Maranh\u00e3o (UEMA), no Centro Hist\u00f3rico.A programa\u00e7\u00e3o contemplar\u00e1&nbsp;assuntos que envolvam lutas e resist\u00eancias, mem\u00f3rias, ancestralidades, decolonialidade, interseccionalidade, quest\u00f5es \u00e9tnico-raciais,&nbsp;dentre outros temas pertinentes aos estudos de literaturas e culturas africanos de L\u00edngua Portuguesa com vistas para o di\u00e1logo com setores educacionais de ensino superior e ensino b\u00e1sico.&nbsp;&nbsp;Para mais&nbsp;informa\u00e7\u00f5es acesse o site:&nbsp;<a href=\"https:\/\/doity.com.br\/ix-p-i-afrolic\" target=\"_blank\" rel=\"noreferrer noopener\">https:\/\/doity.com.br\/ix-p-i-afrolic<\/a><\/p>\n\n\n\n<figure class=\"wp-block-image size-large\"><img loading=\"lazy\" width=\"819\" height=\"1024\" src=\"https:\/\/www.posgraduacao.unimontes.br\/uploads\/sites\/12\/2025\/02\/unnamed-5-819x1024.png\" alt=\"\" class=\"wp-image-2425\" srcset=\"https:\/\/www.posgraduacao.unimontes.br\/uploads\/sites\/12\/2025\/02\/unnamed-5-819x1024.png 819w, https:\/\/www.posgraduacao.unimontes.br\/uploads\/sites\/12\/2025\/02\/unnamed-5-240x300.png 240w, https:\/\/www.posgraduacao.unimontes.br\/uploads\/sites\/12\/2025\/02\/unnamed-5-120x150.png 120w, https:\/\/www.posgraduacao.unimontes.br\/uploads\/sites\/12\/2025\/02\/unnamed-5-614x768.png 614w, https:\/\/www.posgraduacao.unimontes.br\/uploads\/sites\/12\/2025\/02\/unnamed-5.png 1080w\" sizes=\"(max-width: 819px) 100vw, 819px\" \/><\/figure>\n","protected":false},"excerpt":{"rendered":"<p>Comunicamos que entre 03\/02 e 30\/03\/2025 est\u00e1 aberto o per\u00edodo de submiss\u00e3o de Comunica\u00e7\u00f5es e P\u00f4steres no&nbsp; IX Congresso de Professores de Literaturas Africanas de L\u00edngua Portuguesa e I Encontro Nacional da AFROLIC.O congresso ter\u00e1 como tem\u00e1tica &#8220;Decolonialidade e Pol\u00edticas de Resist\u00eancia: 50 anos das Independ\u00eancias dos pa\u00edses Africanos de L\u00edngua Portuguesa&#8221; e&nbsp;acontecer\u00e1 de 04 [&hellip;]<\/p>\n","protected":false},"author":8,"featured_media":0,"comment_status":"closed","ping_status":"closed","sticky":false,"template":"","format":"standard","meta":[],"categories":[15],"tags":[],"yoast_head":"<!-- This site is optimized with the Yoast SEO plugin v14.7 - https:\/\/yoast.com\/wordpress\/plugins\/seo\/ -->\n<title>IX Congresso de Professores de Literaturas Africanas de L\u00edngua Portuguesa e I Encontro Nacional da AFROLIC - Programa de P\u00f3s-Gradua\u00e7\u00e3o em Letras\/Estudos Liter\u00e1rios<\/title>\n<meta name=\"robots\" content=\"index, follow\" \/>\n<meta name=\"googlebot\" content=\"index, follow, max-snippet:-1, max-image-preview:large, max-video-preview:-1\" \/>\n<meta name=\"bingbot\" content=\"index, follow, max-snippet:-1, max-image-preview:large, max-video-preview:-1\" \/>\n<link rel=\"canonical\" href=\"https:\/\/www.posgraduacao.unimontes.br\/ppgl\/2025\/02\/28\/ix-congresso-de-professores-de-literaturas-africanas-de-lingua-portuguesa-e-i-encontro-nacional-da-afrolic\/\" \/>\n<meta property=\"og:locale\" content=\"pt_BR\" \/>\n<meta property=\"og:type\" content=\"article\" \/>\n<meta property=\"og:title\" content=\"IX Congresso de Professores de Literaturas Africanas de L\u00edngua Portuguesa e I Encontro Nacional da AFROLIC - Programa de P\u00f3s-Gradua\u00e7\u00e3o em Letras\/Estudos Liter\u00e1rios\" \/>\n<meta property=\"og:description\" content=\"Comunicamos que entre 03\/02 e 30\/03\/2025 est\u00e1 aberto o per\u00edodo de submiss\u00e3o de Comunica\u00e7\u00f5es e P\u00f4steres no&nbsp; IX Congresso de Professores de Literaturas Africanas de L\u00edngua Portuguesa e I Encontro Nacional da AFROLIC.O congresso ter\u00e1 como tem\u00e1tica &#8220;Decolonialidade e Pol\u00edticas de Resist\u00eancia: 50 anos das Independ\u00eancias dos pa\u00edses Africanos de L\u00edngua Portuguesa&#8221; e&nbsp;acontecer\u00e1 de 04 [&hellip;]\" \/>\n<meta property=\"og:url\" content=\"https:\/\/www.posgraduacao.unimontes.br\/ppgl\/2025\/02\/28\/ix-congresso-de-professores-de-literaturas-africanas-de-lingua-portuguesa-e-i-encontro-nacional-da-afrolic\/\" \/>\n<meta property=\"og:site_name\" content=\"Programa de P\u00f3s-Gradua\u00e7\u00e3o em Letras\/Estudos Liter\u00e1rios\" \/>\n<meta property=\"article:published_time\" content=\"2025-02-28T14:06:11+00:00\" \/>\n<meta property=\"article:modified_time\" content=\"2025-02-28T14:06:13+00:00\" \/>\n<meta property=\"og:image\" content=\"https:\/\/www.posgraduacao.unimontes.br\/uploads\/sites\/12\/2025\/02\/unnamed-5-819x1024.png\" \/>\n<meta name=\"twitter:card\" content=\"summary_large_image\" \/>\n<script type=\"application\/ld+json\" class=\"yoast-schema-graph\">{\"@context\":\"https:\/\/schema.org\",\"@graph\":[{\"@type\":\"WebSite\",\"@id\":\"https:\/\/www.posgraduacao.unimontes.br\/ppgl\/#website\",\"url\":\"https:\/\/www.posgraduacao.unimontes.br\/ppgl\/\",\"name\":\"Programa de P\\u00f3s-Gradua\\u00e7\\u00e3o em Letras\/Estudos Liter\\u00e1rios\",\"description\":\"Universidade Estadual de Montes Claros - Unimontes\",\"potentialAction\":[{\"@type\":\"SearchAction\",\"target\":\"https:\/\/www.posgraduacao.unimontes.br\/ppgl\/?s={search_term_string}\",\"query-input\":\"required name=search_term_string\"}],\"inLanguage\":\"pt-BR\"},{\"@type\":\"ImageObject\",\"@id\":\"https:\/\/www.posgraduacao.unimontes.br\/ppgl\/2025\/02\/28\/ix-congresso-de-professores-de-literaturas-africanas-de-lingua-portuguesa-e-i-encontro-nacional-da-afrolic\/#primaryimage\",\"inLanguage\":\"pt-BR\",\"url\":\"https:\/\/www.posgraduacao.unimontes.br\/uploads\/sites\/12\/2025\/02\/unnamed-5-819x1024.png\"},{\"@type\":\"WebPage\",\"@id\":\"https:\/\/www.posgraduacao.unimontes.br\/ppgl\/2025\/02\/28\/ix-congresso-de-professores-de-literaturas-africanas-de-lingua-portuguesa-e-i-encontro-nacional-da-afrolic\/#webpage\",\"url\":\"https:\/\/www.posgraduacao.unimontes.br\/ppgl\/2025\/02\/28\/ix-congresso-de-professores-de-literaturas-africanas-de-lingua-portuguesa-e-i-encontro-nacional-da-afrolic\/\",\"name\":\"IX Congresso de Professores de Literaturas Africanas de L\\u00edngua Portuguesa e I Encontro Nacional da AFROLIC - Programa de P\\u00f3s-Gradua\\u00e7\\u00e3o em Letras\/Estudos Liter\\u00e1rios\",\"isPartOf\":{\"@id\":\"https:\/\/www.posgraduacao.unimontes.br\/ppgl\/#website\"},\"primaryImageOfPage\":{\"@id\":\"https:\/\/www.posgraduacao.unimontes.br\/ppgl\/2025\/02\/28\/ix-congresso-de-professores-de-literaturas-africanas-de-lingua-portuguesa-e-i-encontro-nacional-da-afrolic\/#primaryimage\"},\"datePublished\":\"2025-02-28T14:06:11+00:00\",\"dateModified\":\"2025-02-28T14:06:13+00:00\",\"author\":{\"@id\":\"https:\/\/www.posgraduacao.unimontes.br\/ppgl\/#\/schema\/person\/3dcc7dc6b1c6b214c2b251c2fe91d7ba\"},\"inLanguage\":\"pt-BR\",\"potentialAction\":[{\"@type\":\"ReadAction\",\"target\":[\"https:\/\/www.posgraduacao.unimontes.br\/ppgl\/2025\/02\/28\/ix-congresso-de-professores-de-literaturas-africanas-de-lingua-portuguesa-e-i-encontro-nacional-da-afrolic\/\"]}]},{\"@type\":[\"Person\"],\"@id\":\"https:\/\/www.posgraduacao.unimontes.br\/ppgl\/#\/schema\/person\/3dcc7dc6b1c6b214c2b251c2fe91d7ba\",\"name\":\"ppgl\",\"image\":{\"@type\":\"ImageObject\",\"@id\":\"https:\/\/www.posgraduacao.unimontes.br\/ppgl\/#personlogo\",\"inLanguage\":\"pt-BR\",\"url\":\"https:\/\/secure.gravatar.com\/avatar\/957312082955906ffeb54778cb4e47c3?s=96&d=mm&r=g\",\"caption\":\"ppgl\"}}]}<\/script>\n<!-- \/ Yoast SEO plugin. -->","_links":{"self":[{"href":"https:\/\/www.posgraduacao.unimontes.br\/ppgl\/wp-json\/wp\/v2\/posts\/2424"}],"collection":[{"href":"https:\/\/www.posgraduacao.unimontes.br\/ppgl\/wp-json\/wp\/v2\/posts"}],"about":[{"href":"https:\/\/www.posgraduacao.unimontes.br\/ppgl\/wp-json\/wp\/v2\/types\/post"}],"author":[{"embeddable":true,"href":"https:\/\/www.posgraduacao.unimontes.br\/ppgl\/wp-json\/wp\/v2\/users\/8"}],"replies":[{"embeddable":true,"href":"https:\/\/www.posgraduacao.unimontes.br\/ppgl\/wp-json\/wp\/v2\/comments?post=2424"}],"version-history":[{"count":1,"href":"https:\/\/www.posgraduacao.unimontes.br\/ppgl\/wp-json\/wp\/v2\/posts\/2424\/revisions"}],"predecessor-version":[{"id":2426,"href":"https:\/\/www.posgraduacao.unimontes.br\/ppgl\/wp-json\/wp\/v2\/posts\/2424\/revisions\/2426"}],"wp:attachment":[{"href":"https:\/\/www.posgraduacao.unimontes.br\/ppgl\/wp-json\/wp\/v2\/media?parent=2424"}],"wp:term":[{"taxonomy":"category","embeddable":true,"href":"https:\/\/www.posgraduacao.unimontes.br\/ppgl\/wp-json\/wp\/v2\/categories?post=2424"},{"taxonomy":"post_tag","embeddable":true,"href":"https:\/\/www.posgraduacao.unimontes.br\/ppgl\/wp-json\/wp\/v2\/tags?post=2424"}],"curies":[{"name":"wp","href":"https:\/\/api.w.org\/{rel}","templated":true}]}}