{"id":2395,"date":"2025-02-26T11:17:41","date_gmt":"2025-02-26T14:17:41","guid":{"rendered":"https:\/\/www.posgraduacao.unimontes.br\/ppgl\/?p=2395"},"modified":"2025-02-26T11:17:47","modified_gmt":"2025-02-26T14:17:47","slug":"ppgl-divulga-chamada-aberta-para-a-revista-cerrados-e-publicacao-da-edicao-v-33-n-66","status":"publish","type":"post","link":"https:\/\/www.posgraduacao.unimontes.br\/ppgl\/2025\/02\/26\/ppgl-divulga-chamada-aberta-para-a-revista-cerrados-e-publicacao-da-edicao-v-33-n-66\/","title":{"rendered":"PPGL divulga: chamada aberta para a revista Cerrados e publica\u00e7\u00e3o da edi\u00e7\u00e3o v. 33 n. 66"},"content":{"rendered":"\n<figure class=\"wp-block-gallery columns-1 is-cropped\"><ul class=\"blocks-gallery-grid\"><li class=\"blocks-gallery-item\"><figure><img loading=\"lazy\" width=\"1024\" height=\"1024\" src=\"https:\/\/www.posgraduacao.unimontes.br\/uploads\/sites\/12\/2025\/02\/PPGL-divulga-revista-1-1024x1024.jpg\" alt=\"\" data-id=\"2397\" data-full-url=\"https:\/\/www.posgraduacao.unimontes.br\/uploads\/sites\/12\/2025\/02\/PPGL-divulga-revista-1.jpg\" data-link=\"https:\/\/www.posgraduacao.unimontes.br\/ppgl\/?attachment_id=2397\" class=\"wp-image-2397\" srcset=\"https:\/\/www.posgraduacao.unimontes.br\/uploads\/sites\/12\/2025\/02\/PPGL-divulga-revista-1-1024x1024.jpg 1024w, https:\/\/www.posgraduacao.unimontes.br\/uploads\/sites\/12\/2025\/02\/PPGL-divulga-revista-1-300x300.jpg 300w, https:\/\/www.posgraduacao.unimontes.br\/uploads\/sites\/12\/2025\/02\/PPGL-divulga-revista-1-150x150.jpg 150w, https:\/\/www.posgraduacao.unimontes.br\/uploads\/sites\/12\/2025\/02\/PPGL-divulga-revista-1-768x768.jpg 768w, https:\/\/www.posgraduacao.unimontes.br\/uploads\/sites\/12\/2025\/02\/PPGL-divulga-revista-1.jpg 1080w\" sizes=\"(max-width: 1024px) 100vw, 1024px\" \/><\/figure><\/li><\/ul><\/figure>\n\n\n\n<p>\n\nA revista Cerrados, da UnB, est\u00e1 com chamada aberta para a submiss\u00e3o de trabalhos para o n. 68 &#8211; DOSSI\u00ca: &#8220;Realismo e sua atualidade: 25 anos de cr\u00edtica liter\u00e1ria dial\u00e9tica na UnB\u201d.&nbsp;Tendo como ponto de partida os 25 anos de atua\u00e7\u00e3o da linha de pesquisa \u201cCr\u00edtica liter\u00e1ria dial\u00e9tica\u201d no Programa de P\u00f3s-gradua\u00e7\u00e3o em Literatura da Universidade de Bras\u00edlia em 2024, este dossi\u00ea prop\u00f5e a discuss\u00e3o do v\u00ednculo entre realismo art\u00edstico e cr\u00edtica liter\u00e1ria dial\u00e9tica. Considerando o realismo como a rela\u00e7\u00e3o entre as obras liter\u00e1rias e a sociabilidade humana, a cr\u00edtica liter\u00e1ria dial\u00e9tica sublinha a import\u00e2ncia do trabalho est\u00e9tico do artista na produ\u00e7\u00e3o de sua obra, uma vez que \u00e9 esse trabalho do escritor, sua luta para transformar em literatura o que antes era \u201capenas\u201d a realidade, que torna poss\u00edvel sentir de forma in\u00e9dita a realidade origin\u00e1ria.&nbsp;O realismo, na perspectiva da cr\u00edtica liter\u00e1ria dial\u00e9tica, n\u00e3o apenas p\u00f5e em movimento no interior do texto uma cr\u00edtica da realidade presente, mas promove uma forma&nbsp;desfetichizadora&nbsp;e humanizadora, na medida em que a obra consiga fazer falar, por detr\u00e1s do mundo das coisas, nossa voz humana. Neste dossi\u00ea, portanto, ser\u00e3o acolhidos textos que apresentem reflex\u00f5es sobre o car\u00e1ter humanizador da literatura, que oferece ao leitor a possibilidade de viver dialeticamente os problemas da realidade contradit\u00f3ria, ultrapassando, assim, perspectivas unilaterais para alcan\u00e7ar uma figura\u00e7\u00e3o dial\u00e9tica da vida.<br>Data limite para submiss\u00e3o de artigos: 31\/03\/2025;<br>Publica\u00e7\u00e3o prevista para:&nbsp;30\/08\/2025;Para mais informa\u00e7\u00f5es, acessem:&nbsp;<a href=\"https:\/\/periodicos.unb.br\/index.php\/cerrados\/announcement\/view\/846\" target=\"_blank\" rel=\"noreferrer noopener\">https:\/\/periodicos.unb.br\/index.php\/cerrados\/announcement\/view\/846<\/a>.<br>Confiram, tamb\u00e9m, o \u00faltimo volume publicado:&nbsp;<a href=\"https:\/\/periodicos.unb.br\/index.php\/cerrados\/issue\/view\/3035\" target=\"_blank\" rel=\"noreferrer noopener\">v. 33 n. 66 (2024): Literatura e teoria de autoria negra no Atl\u00e2ntico Sul<\/a>.<br><\/p>\n","protected":false},"excerpt":{"rendered":"<p>A revista Cerrados, da UnB, est\u00e1 com chamada aberta para a submiss\u00e3o de trabalhos para o n. 68 &#8211; DOSSI\u00ca: &#8220;Realismo e sua atualidade: 25 anos de cr\u00edtica liter\u00e1ria dial\u00e9tica na UnB\u201d.&nbsp;Tendo como ponto de partida os 25 anos de atua\u00e7\u00e3o da linha de pesquisa \u201cCr\u00edtica liter\u00e1ria dial\u00e9tica\u201d no Programa de P\u00f3s-gradua\u00e7\u00e3o em Literatura da [&hellip;]<\/p>\n","protected":false},"author":8,"featured_media":0,"comment_status":"closed","ping_status":"closed","sticky":false,"template":"","format":"standard","meta":[],"categories":[15],"tags":[],"yoast_head":"<!-- This site is optimized with the Yoast SEO plugin v14.7 - https:\/\/yoast.com\/wordpress\/plugins\/seo\/ -->\n<title>PPGL divulga: chamada aberta para a revista Cerrados e publica\u00e7\u00e3o da edi\u00e7\u00e3o v. 33 n. 66 - Programa de P\u00f3s-Gradua\u00e7\u00e3o em Letras\/Estudos Liter\u00e1rios<\/title>\n<meta name=\"robots\" content=\"index, follow\" \/>\n<meta name=\"googlebot\" content=\"index, follow, max-snippet:-1, max-image-preview:large, max-video-preview:-1\" \/>\n<meta name=\"bingbot\" content=\"index, follow, max-snippet:-1, max-image-preview:large, max-video-preview:-1\" \/>\n<link rel=\"canonical\" href=\"https:\/\/www.posgraduacao.unimontes.br\/ppgl\/2025\/02\/26\/ppgl-divulga-chamada-aberta-para-a-revista-cerrados-e-publicacao-da-edicao-v-33-n-66\/\" \/>\n<meta property=\"og:locale\" content=\"pt_BR\" \/>\n<meta property=\"og:type\" content=\"article\" \/>\n<meta property=\"og:title\" content=\"PPGL divulga: chamada aberta para a revista Cerrados e publica\u00e7\u00e3o da edi\u00e7\u00e3o v. 33 n. 66 - Programa de P\u00f3s-Gradua\u00e7\u00e3o em Letras\/Estudos Liter\u00e1rios\" \/>\n<meta property=\"og:description\" content=\"A revista Cerrados, da UnB, est\u00e1 com chamada aberta para a submiss\u00e3o de trabalhos para o n. 68 &#8211; DOSSI\u00ca: &#8220;Realismo e sua atualidade: 25 anos de cr\u00edtica liter\u00e1ria dial\u00e9tica na UnB\u201d.&nbsp;Tendo como ponto de partida os 25 anos de atua\u00e7\u00e3o da linha de pesquisa \u201cCr\u00edtica liter\u00e1ria dial\u00e9tica\u201d no Programa de P\u00f3s-gradua\u00e7\u00e3o em Literatura da [&hellip;]\" \/>\n<meta property=\"og:url\" content=\"https:\/\/www.posgraduacao.unimontes.br\/ppgl\/2025\/02\/26\/ppgl-divulga-chamada-aberta-para-a-revista-cerrados-e-publicacao-da-edicao-v-33-n-66\/\" \/>\n<meta property=\"og:site_name\" content=\"Programa de P\u00f3s-Gradua\u00e7\u00e3o em Letras\/Estudos Liter\u00e1rios\" \/>\n<meta property=\"article:published_time\" content=\"2025-02-26T14:17:41+00:00\" \/>\n<meta property=\"article:modified_time\" content=\"2025-02-26T14:17:47+00:00\" \/>\n<meta property=\"og:image\" content=\"https:\/\/www.posgraduacao.unimontes.br\/uploads\/sites\/12\/2025\/02\/PPGL-divulga-revista-1-1024x1024.jpg\" \/>\n<meta name=\"twitter:card\" content=\"summary_large_image\" \/>\n<script type=\"application\/ld+json\" class=\"yoast-schema-graph\">{\"@context\":\"https:\/\/schema.org\",\"@graph\":[{\"@type\":\"WebSite\",\"@id\":\"https:\/\/www.posgraduacao.unimontes.br\/ppgl\/#website\",\"url\":\"https:\/\/www.posgraduacao.unimontes.br\/ppgl\/\",\"name\":\"Programa de P\\u00f3s-Gradua\\u00e7\\u00e3o em Letras\/Estudos Liter\\u00e1rios\",\"description\":\"Universidade Estadual de Montes Claros - Unimontes\",\"potentialAction\":[{\"@type\":\"SearchAction\",\"target\":\"https:\/\/www.posgraduacao.unimontes.br\/ppgl\/?s={search_term_string}\",\"query-input\":\"required name=search_term_string\"}],\"inLanguage\":\"pt-BR\"},{\"@type\":\"ImageObject\",\"@id\":\"https:\/\/www.posgraduacao.unimontes.br\/ppgl\/2025\/02\/26\/ppgl-divulga-chamada-aberta-para-a-revista-cerrados-e-publicacao-da-edicao-v-33-n-66\/#primaryimage\",\"inLanguage\":\"pt-BR\",\"url\":\"https:\/\/www.posgraduacao.unimontes.br\/uploads\/sites\/12\/2025\/02\/PPGL-divulga-revista-1-1024x1024.jpg\"},{\"@type\":\"WebPage\",\"@id\":\"https:\/\/www.posgraduacao.unimontes.br\/ppgl\/2025\/02\/26\/ppgl-divulga-chamada-aberta-para-a-revista-cerrados-e-publicacao-da-edicao-v-33-n-66\/#webpage\",\"url\":\"https:\/\/www.posgraduacao.unimontes.br\/ppgl\/2025\/02\/26\/ppgl-divulga-chamada-aberta-para-a-revista-cerrados-e-publicacao-da-edicao-v-33-n-66\/\",\"name\":\"PPGL divulga: chamada aberta para a revista Cerrados e publica\\u00e7\\u00e3o da edi\\u00e7\\u00e3o v. 33 n. 66 - Programa de P\\u00f3s-Gradua\\u00e7\\u00e3o em Letras\/Estudos Liter\\u00e1rios\",\"isPartOf\":{\"@id\":\"https:\/\/www.posgraduacao.unimontes.br\/ppgl\/#website\"},\"primaryImageOfPage\":{\"@id\":\"https:\/\/www.posgraduacao.unimontes.br\/ppgl\/2025\/02\/26\/ppgl-divulga-chamada-aberta-para-a-revista-cerrados-e-publicacao-da-edicao-v-33-n-66\/#primaryimage\"},\"datePublished\":\"2025-02-26T14:17:41+00:00\",\"dateModified\":\"2025-02-26T14:17:47+00:00\",\"author\":{\"@id\":\"https:\/\/www.posgraduacao.unimontes.br\/ppgl\/#\/schema\/person\/3dcc7dc6b1c6b214c2b251c2fe91d7ba\"},\"inLanguage\":\"pt-BR\",\"potentialAction\":[{\"@type\":\"ReadAction\",\"target\":[\"https:\/\/www.posgraduacao.unimontes.br\/ppgl\/2025\/02\/26\/ppgl-divulga-chamada-aberta-para-a-revista-cerrados-e-publicacao-da-edicao-v-33-n-66\/\"]}]},{\"@type\":[\"Person\"],\"@id\":\"https:\/\/www.posgraduacao.unimontes.br\/ppgl\/#\/schema\/person\/3dcc7dc6b1c6b214c2b251c2fe91d7ba\",\"name\":\"ppgl\",\"image\":{\"@type\":\"ImageObject\",\"@id\":\"https:\/\/www.posgraduacao.unimontes.br\/ppgl\/#personlogo\",\"inLanguage\":\"pt-BR\",\"url\":\"https:\/\/secure.gravatar.com\/avatar\/957312082955906ffeb54778cb4e47c3?s=96&d=mm&r=g\",\"caption\":\"ppgl\"}}]}<\/script>\n<!-- \/ Yoast SEO plugin. -->","_links":{"self":[{"href":"https:\/\/www.posgraduacao.unimontes.br\/ppgl\/wp-json\/wp\/v2\/posts\/2395"}],"collection":[{"href":"https:\/\/www.posgraduacao.unimontes.br\/ppgl\/wp-json\/wp\/v2\/posts"}],"about":[{"href":"https:\/\/www.posgraduacao.unimontes.br\/ppgl\/wp-json\/wp\/v2\/types\/post"}],"author":[{"embeddable":true,"href":"https:\/\/www.posgraduacao.unimontes.br\/ppgl\/wp-json\/wp\/v2\/users\/8"}],"replies":[{"embeddable":true,"href":"https:\/\/www.posgraduacao.unimontes.br\/ppgl\/wp-json\/wp\/v2\/comments?post=2395"}],"version-history":[{"count":1,"href":"https:\/\/www.posgraduacao.unimontes.br\/ppgl\/wp-json\/wp\/v2\/posts\/2395\/revisions"}],"predecessor-version":[{"id":2398,"href":"https:\/\/www.posgraduacao.unimontes.br\/ppgl\/wp-json\/wp\/v2\/posts\/2395\/revisions\/2398"}],"wp:attachment":[{"href":"https:\/\/www.posgraduacao.unimontes.br\/ppgl\/wp-json\/wp\/v2\/media?parent=2395"}],"wp:term":[{"taxonomy":"category","embeddable":true,"href":"https:\/\/www.posgraduacao.unimontes.br\/ppgl\/wp-json\/wp\/v2\/categories?post=2395"},{"taxonomy":"post_tag","embeddable":true,"href":"https:\/\/www.posgraduacao.unimontes.br\/ppgl\/wp-json\/wp\/v2\/tags?post=2395"}],"curies":[{"name":"wp","href":"https:\/\/api.w.org\/{rel}","templated":true}]}}