{"id":2124,"date":"2024-10-21T17:00:28","date_gmt":"2024-10-21T20:00:28","guid":{"rendered":"https:\/\/www.posgraduacao.unimontes.br\/ppgl\/?p=2124"},"modified":"2024-10-29T11:09:52","modified_gmt":"2024-10-29T14:09:52","slug":"festival-cinema-comentado","status":"publish","type":"post","link":"https:\/\/www.posgraduacao.unimontes.br\/ppgl\/2024\/10\/21\/festival-cinema-comentado\/","title":{"rendered":"Festival de Cinema movimenta Montes Claros: de sexta a domingo, 18 a 20\/10"},"content":{"rendered":"\n<h4>Evento marca comemora\u00e7\u00e3o dos 21 anos do Cinema Comentado Cineclube<\/h4>\n\n\n\n<p>Come\u00e7a nesta sexta-feira (18\/10) e vai at\u00e9 domingo (20\/10) o Festival de Cinema, iniciativa do Cinema Comentado Cineclube, de Montes Claros . As atividades acontecem no Corredor Cultural e no Museu Regional do Norte de Minas (MRNM), vinculado \u00e0 Universidade Estadual de Montes Claros (Unimontes), um dos parceiros do evento.<\/p>\n\n\n\n<p>Na programa\u00e7\u00e3o, constam exibi\u00e7\u00f5es de filmes (longas e curtas), oficinas, rodas de conversas e shows, tudo com acesso gratuito. O festival marca a comemora\u00e7\u00e3o dos 21 anos do Cinema Comentado Cineclube e conta com o apoio da Secretaria Municipal de Cultura de Montes Claros. O objetivo do projeto \u00e9 criar uma identidade entre o cinema, arte, ritual, meio de comunica\u00e7\u00e3o de massa, manifesta\u00e7\u00e3o cultural e a sociedade.<br><\/p>\n\n\n\n<p class=\"has-text-align-center\"><a rel=\"noreferrer noopener\" aria-label=\"Programa\u00e7\u00e3o Completa (abre numa nova aba)\" href=\"https:\/\/www.cinemacomentado.com\/\" target=\"_blank\">Programa\u00e7\u00e3o Completa<\/a><\/p>\n\n\n\n<p>Nesta sexta-feira , o Festival de Cinema ser\u00e1 aberto \u00e0s 18h15, no Corredor Cultural, com a sess\u00e3o de curtas para competi\u00e7\u00e3o. \u00c1s 20h35 haver\u00e1 a exibi\u00e7\u00e3o do filme \u201cOthelo, o Grande\u201d, de Lucas H. Rossi. A partir das 22h20m, o p\u00fablico ser\u00e1 contemplado com o show de Tavinho Moura e Beto Lopes.<\/p>\n\n\n\n<p>Na tarde deste s\u00e1bado, a programa\u00e7\u00e3o acontecer\u00e1 no Museu Regional, com sess\u00e3o infantil \u00e0s 14h30min. Serpa exibido o filme \u201cDois \u00e9 demais em Orlando\u201d, de Rodrigo Van Dert Put. A mesma sess\u00e3o infantil ser\u00e1 repetida no museu no domingo (20\/10), \u00e0s 10 horas.<\/p>\n\n\n\n<p>\u00c1s 18h15min, no palco\/tela do Corredor Cultural, acontecer\u00e1 homenagem ator e cineasta montes-clarense Paulo Henrique Veloso Souto (falecido em julho de 2022), com a sess\u00e3o de curtas para competi\u00e7\u00e3o.<\/p>\n\n\n\n<p>Est\u00e1 marcada para as 20 horas a exibi\u00e7\u00e3o do longa-metragem \u201cZ\u00e9\u201d, do diretor Rafael Conde, cineasta e professor da Escola de Belas Artes, da Universidade Federal de Minas Gerais (UFMG). O diretor vai fazer coment\u00e1rios sobre a produ\u00e7\u00e3o, logo ap\u00f3s a exibi\u00e7\u00e3o.<\/p>\n\n\n\n<p>O filme conta a hist\u00f3ria de Jos\u00e9 Carlos Novais da Mata Machado, uma das principais lideran\u00e7as do movimento estudantil de Minas Gerais durante a ditadura militar. Aluno da Faculdade de Direito da UFMG, Z\u00e9 foi presidente do centro acad\u00eamico da unidade, ponto de converg\u00eancia da resist\u00eancia estudantil naquele tempo, e vice-presidente da Uni\u00e3o Nacional dos Estudantes (UNE).<\/p>\n\n\n\n<p>Perseguido pelo regime, Jos\u00e9 Carlos abandonou a vida confort\u00e1vel que tinha em Belo Horizonte e passou \u00e0 clandestinidade. Nessa condi\u00e7\u00e3o, ele trabalhou com alfabetiza\u00e7\u00e3o e conscientiza\u00e7\u00e3o pol\u00edtica no interior do Nordeste, hist\u00f3ria retratada no filme. Nascido em mar\u00e7o de 1946, Z\u00e9 era filho do jurista Edgard de Godoi da Mata Machado, professor da Faculdade de Direito que, mais tarde, seria afastado da UFMG pela ditadura. \u00c0s 22h30, ser\u00e1 realizado o show de Jasmin Godoy e banda.<\/p>\n\n\n\n<p>No domingo, a partir das 18h30min, no palco\/tela do Corredor Cultural, ser\u00e1 exibido o filme \u201cAt\u00e9 que a vida nos separe \u2013 Biografia de Nelo Carneiro\u201d, dirigido por Emilina Silveira. \u00c1s 19h50, haver\u00e1 a exibi\u00e7\u00e3o do filme \u201cMais pesado \u00e9 o c\u00e9u\u201d, de Petrus Cariry, no Museu Regional. \u00c0s 21h15, acontecer\u00e1 a premia\u00e7\u00e3o dos curtas do festival, por j\u00fari t\u00e9cnico e j\u00fari popular.<\/p>\n\n\n\n<p>Mat\u00e9ria original: https:\/\/unimontes.br\/comeca-hoje-o-festival-cinema-comentado-21-anos\/<br><\/p>\n","protected":false},"excerpt":{"rendered":"<p>Evento marca comemora\u00e7\u00e3o dos 21 anos do Cinema Comentado Cineclube Come\u00e7a nesta sexta-feira (18\/10) e vai at\u00e9 domingo (20\/10) o Festival de Cinema, iniciativa do Cinema Comentado Cineclube, de Montes Claros . As atividades acontecem no Corredor Cultural e no Museu Regional do Norte de Minas (MRNM), vinculado \u00e0 Universidade Estadual de Montes Claros (Unimontes), [&hellip;]<\/p>\n","protected":false},"author":8,"featured_media":0,"comment_status":"closed","ping_status":"closed","sticky":false,"template":"","format":"standard","meta":[],"categories":[36,1],"tags":[],"yoast_head":"<!-- This site is optimized with the Yoast SEO plugin v14.7 - https:\/\/yoast.com\/wordpress\/plugins\/seo\/ -->\n<title>Festival de Cinema movimenta Montes Claros: de sexta a domingo, 18 a 20\/10 - Programa de P\u00f3s-Gradua\u00e7\u00e3o em Letras\/Estudos Liter\u00e1rios<\/title>\n<meta name=\"robots\" content=\"index, follow\" \/>\n<meta name=\"googlebot\" content=\"index, follow, max-snippet:-1, max-image-preview:large, max-video-preview:-1\" \/>\n<meta name=\"bingbot\" content=\"index, follow, max-snippet:-1, max-image-preview:large, max-video-preview:-1\" \/>\n<link rel=\"canonical\" href=\"https:\/\/www.posgraduacao.unimontes.br\/ppgl\/2024\/10\/21\/festival-cinema-comentado\/\" \/>\n<meta property=\"og:locale\" content=\"pt_BR\" \/>\n<meta property=\"og:type\" content=\"article\" \/>\n<meta property=\"og:title\" content=\"Festival de Cinema movimenta Montes Claros: de sexta a domingo, 18 a 20\/10 - Programa de P\u00f3s-Gradua\u00e7\u00e3o em Letras\/Estudos Liter\u00e1rios\" \/>\n<meta property=\"og:description\" content=\"Evento marca comemora\u00e7\u00e3o dos 21 anos do Cinema Comentado Cineclube Come\u00e7a nesta sexta-feira (18\/10) e vai at\u00e9 domingo (20\/10) o Festival de Cinema, iniciativa do Cinema Comentado Cineclube, de Montes Claros . As atividades acontecem no Corredor Cultural e no Museu Regional do Norte de Minas (MRNM), vinculado \u00e0 Universidade Estadual de Montes Claros (Unimontes), [&hellip;]\" \/>\n<meta property=\"og:url\" content=\"https:\/\/www.posgraduacao.unimontes.br\/ppgl\/2024\/10\/21\/festival-cinema-comentado\/\" \/>\n<meta property=\"og:site_name\" content=\"Programa de P\u00f3s-Gradua\u00e7\u00e3o em Letras\/Estudos Liter\u00e1rios\" \/>\n<meta property=\"article:published_time\" content=\"2024-10-21T20:00:28+00:00\" \/>\n<meta property=\"article:modified_time\" content=\"2024-10-29T14:09:52+00:00\" \/>\n<meta name=\"twitter:card\" content=\"summary_large_image\" \/>\n<script type=\"application\/ld+json\" class=\"yoast-schema-graph\">{\"@context\":\"https:\/\/schema.org\",\"@graph\":[{\"@type\":\"WebSite\",\"@id\":\"https:\/\/www.posgraduacao.unimontes.br\/ppgl\/#website\",\"url\":\"https:\/\/www.posgraduacao.unimontes.br\/ppgl\/\",\"name\":\"Programa de P\\u00f3s-Gradua\\u00e7\\u00e3o em Letras\/Estudos Liter\\u00e1rios\",\"description\":\"Universidade Estadual de Montes Claros - Unimontes\",\"potentialAction\":[{\"@type\":\"SearchAction\",\"target\":\"https:\/\/www.posgraduacao.unimontes.br\/ppgl\/?s={search_term_string}\",\"query-input\":\"required name=search_term_string\"}],\"inLanguage\":\"pt-BR\"},{\"@type\":\"WebPage\",\"@id\":\"https:\/\/www.posgraduacao.unimontes.br\/ppgl\/2024\/10\/21\/festival-cinema-comentado\/#webpage\",\"url\":\"https:\/\/www.posgraduacao.unimontes.br\/ppgl\/2024\/10\/21\/festival-cinema-comentado\/\",\"name\":\"Festival de Cinema movimenta Montes Claros: de sexta a domingo, 18 a 20\/10 - Programa de P\\u00f3s-Gradua\\u00e7\\u00e3o em Letras\/Estudos Liter\\u00e1rios\",\"isPartOf\":{\"@id\":\"https:\/\/www.posgraduacao.unimontes.br\/ppgl\/#website\"},\"datePublished\":\"2024-10-21T20:00:28+00:00\",\"dateModified\":\"2024-10-29T14:09:52+00:00\",\"author\":{\"@id\":\"https:\/\/www.posgraduacao.unimontes.br\/ppgl\/#\/schema\/person\/3dcc7dc6b1c6b214c2b251c2fe91d7ba\"},\"inLanguage\":\"pt-BR\",\"potentialAction\":[{\"@type\":\"ReadAction\",\"target\":[\"https:\/\/www.posgraduacao.unimontes.br\/ppgl\/2024\/10\/21\/festival-cinema-comentado\/\"]}]},{\"@type\":[\"Person\"],\"@id\":\"https:\/\/www.posgraduacao.unimontes.br\/ppgl\/#\/schema\/person\/3dcc7dc6b1c6b214c2b251c2fe91d7ba\",\"name\":\"ppgl\",\"image\":{\"@type\":\"ImageObject\",\"@id\":\"https:\/\/www.posgraduacao.unimontes.br\/ppgl\/#personlogo\",\"inLanguage\":\"pt-BR\",\"url\":\"https:\/\/secure.gravatar.com\/avatar\/957312082955906ffeb54778cb4e47c3?s=96&d=mm&r=g\",\"caption\":\"ppgl\"}}]}<\/script>\n<!-- \/ Yoast SEO plugin. -->","_links":{"self":[{"href":"https:\/\/www.posgraduacao.unimontes.br\/ppgl\/wp-json\/wp\/v2\/posts\/2124"}],"collection":[{"href":"https:\/\/www.posgraduacao.unimontes.br\/ppgl\/wp-json\/wp\/v2\/posts"}],"about":[{"href":"https:\/\/www.posgraduacao.unimontes.br\/ppgl\/wp-json\/wp\/v2\/types\/post"}],"author":[{"embeddable":true,"href":"https:\/\/www.posgraduacao.unimontes.br\/ppgl\/wp-json\/wp\/v2\/users\/8"}],"replies":[{"embeddable":true,"href":"https:\/\/www.posgraduacao.unimontes.br\/ppgl\/wp-json\/wp\/v2\/comments?post=2124"}],"version-history":[{"count":3,"href":"https:\/\/www.posgraduacao.unimontes.br\/ppgl\/wp-json\/wp\/v2\/posts\/2124\/revisions"}],"predecessor-version":[{"id":2138,"href":"https:\/\/www.posgraduacao.unimontes.br\/ppgl\/wp-json\/wp\/v2\/posts\/2124\/revisions\/2138"}],"wp:attachment":[{"href":"https:\/\/www.posgraduacao.unimontes.br\/ppgl\/wp-json\/wp\/v2\/media?parent=2124"}],"wp:term":[{"taxonomy":"category","embeddable":true,"href":"https:\/\/www.posgraduacao.unimontes.br\/ppgl\/wp-json\/wp\/v2\/categories?post=2124"},{"taxonomy":"post_tag","embeddable":true,"href":"https:\/\/www.posgraduacao.unimontes.br\/ppgl\/wp-json\/wp\/v2\/tags?post=2124"}],"curies":[{"name":"wp","href":"https:\/\/api.w.org\/{rel}","templated":true}]}}