{"id":2108,"date":"2024-09-25T14:27:15","date_gmt":"2024-09-25T17:27:15","guid":{"rendered":"https:\/\/www.posgraduacao.unimontes.br\/ppgl\/?p=2108"},"modified":"2024-10-29T11:09:53","modified_gmt":"2024-10-29T14:09:53","slug":"xvi-seminario-nacional-de-pesquisa-em-literatura-e-criacao-literaria","status":"publish","type":"post","link":"https:\/\/www.posgraduacao.unimontes.br\/ppgl\/2024\/09\/25\/xvi-seminario-nacional-de-pesquisa-em-literatura-e-criacao-literaria\/","title":{"rendered":"XVI Semin\u00e1rio Nacional de Pesquisa em Literatura e Cria\u00e7\u00e3o Liter\u00e1ria"},"content":{"rendered":"\n<figure class=\"wp-block-gallery columns-1 is-cropped\"><ul class=\"blocks-gallery-grid\"><li class=\"blocks-gallery-item\"><figure><img loading=\"lazy\" width=\"1024\" height=\"888\" src=\"http:\/\/www.posgraduacao.unimontes.br\/uploads\/sites\/12\/2024\/09\/Imagem-do-WhatsApp-de-2024-09-20-\u00e0s-09.01.12_526bb4a2-1024x888.jpg\" alt=\"\" data-id=\"2107\" data-full-url=\"http:\/\/www.posgraduacao.unimontes.br\/uploads\/sites\/12\/2024\/09\/Imagem-do-WhatsApp-de-2024-09-20-\u00e0s-09.01.12_526bb4a2.jpg\" data-link=\"https:\/\/www.posgraduacao.unimontes.br\/ppgl\/imagem-do-whatsapp-de-2024-09-20-as-09-01-12_526bb4a2\/\" class=\"wp-image-2107\" srcset=\"https:\/\/www.posgraduacao.unimontes.br\/uploads\/sites\/12\/2024\/09\/Imagem-do-WhatsApp-de-2024-09-20-\u00e0s-09.01.12_526bb4a2-1024x888.jpg 1024w, https:\/\/www.posgraduacao.unimontes.br\/uploads\/sites\/12\/2024\/09\/Imagem-do-WhatsApp-de-2024-09-20-\u00e0s-09.01.12_526bb4a2-300x260.jpg 300w, https:\/\/www.posgraduacao.unimontes.br\/uploads\/sites\/12\/2024\/09\/Imagem-do-WhatsApp-de-2024-09-20-\u00e0s-09.01.12_526bb4a2-150x130.jpg 150w, https:\/\/www.posgraduacao.unimontes.br\/uploads\/sites\/12\/2024\/09\/Imagem-do-WhatsApp-de-2024-09-20-\u00e0s-09.01.12_526bb4a2-768x666.jpg 768w, https:\/\/www.posgraduacao.unimontes.br\/uploads\/sites\/12\/2024\/09\/Imagem-do-WhatsApp-de-2024-09-20-\u00e0s-09.01.12_526bb4a2-1536x1332.jpg 1536w, https:\/\/www.posgraduacao.unimontes.br\/uploads\/sites\/12\/2024\/09\/Imagem-do-WhatsApp-de-2024-09-20-\u00e0s-09.01.12_526bb4a2.jpg 1600w\" sizes=\"(max-width: 1024px) 100vw, 1024px\" \/><\/figure><\/li><\/ul><\/figure>\n\n\n\n<p>O PPGL &#8211; Programa de P\u00f3s-gradua\u00e7\u00e3o em Letras\/Estudos Liter\u00e1rios, com o apoio institucional da Universidade Estadual de Montes Claros &#8211; UNIMONTES, anuncia a realiza\u00e7\u00e3o do&nbsp;<strong>XVI Semin\u00e1rio Nacional de Pesquisa em Literatura e Cria\u00e7\u00e3o Liter\u00e1ria<\/strong>, com o tema RESISTIR E RESSIGNIFICAR: a Literatura em tempos sombrios, que considera a literatura como uma ferramenta essencial de enfrentamento e resist\u00eancia, proporcionando uma plataforma para a liberdade e express\u00e3o. O evento contar\u00e1 com a participa\u00e7\u00e3o de cr\u00edticos liter\u00e1rios, professores, escritores, pesquisadores, estudantes e admiradores da literatura, que compartilhar\u00e3o suas reflex\u00f5es por meio de confer\u00eancias, palestras, mesas-redondas e minicursos.<br>O semin\u00e1rio acontecer\u00e1 &nbsp;nos dias 23, 24 e 25 de outubro de 2024, de forma presencial, no campus Darcy Ribeiro da Universidade Estadual de Montes Claros &#8211; Unimontes em Montes Claros \u2013 Minas Gerais.<br>Nos siga nas redes sociais para acompanhar toda a programa\u00e7\u00e3o: @seminarioppgl.2024<br>Fa\u00e7a a sua inscri\u00e7\u00e3o pelo site:&nbsp; <a href=\"https:\/\/www.even3.com.br\/xvi-seminario-nacional-de-pesquisa-em-literatura-ppgl-2024\/\">https:\/\/www.even3.com.br\/xvi-seminario-nacional-de-pesquisa-em-literatura-ppgl-2024\/<\/a><\/p>\n\n\n\n<figure class=\"wp-block-gallery columns-0 is-cropped\"><ul class=\"blocks-gallery-grid\"><\/ul><\/figure>\n","protected":false},"excerpt":{"rendered":"<p>O PPGL &#8211; Programa de P\u00f3s-gradua\u00e7\u00e3o em Letras\/Estudos Liter\u00e1rios, com o apoio institucional da Universidade Estadual de Montes Claros &#8211; UNIMONTES, anuncia a realiza\u00e7\u00e3o do&nbsp;XVI Semin\u00e1rio Nacional de Pesquisa em Literatura e Cria\u00e7\u00e3o Liter\u00e1ria, com o tema RESISTIR E RESSIGNIFICAR: a Literatura em tempos sombrios, que considera a literatura como uma ferramenta essencial de enfrentamento [&hellip;]<\/p>\n","protected":false},"author":8,"featured_media":0,"comment_status":"closed","ping_status":"closed","sticky":false,"template":"","format":"standard","meta":[],"categories":[36,1],"tags":[],"yoast_head":"<!-- This site is optimized with the Yoast SEO plugin v14.7 - https:\/\/yoast.com\/wordpress\/plugins\/seo\/ -->\n<title>XVI Semin\u00e1rio Nacional de Pesquisa em Literatura e Cria\u00e7\u00e3o Liter\u00e1ria - Programa de P\u00f3s-Gradua\u00e7\u00e3o em Letras\/Estudos Liter\u00e1rios<\/title>\n<meta name=\"robots\" content=\"index, follow\" \/>\n<meta name=\"googlebot\" content=\"index, follow, max-snippet:-1, max-image-preview:large, max-video-preview:-1\" \/>\n<meta name=\"bingbot\" content=\"index, follow, max-snippet:-1, max-image-preview:large, max-video-preview:-1\" \/>\n<link rel=\"canonical\" href=\"https:\/\/www.posgraduacao.unimontes.br\/ppgl\/2024\/09\/25\/xvi-seminario-nacional-de-pesquisa-em-literatura-e-criacao-literaria\/\" \/>\n<meta property=\"og:locale\" content=\"pt_BR\" \/>\n<meta property=\"og:type\" content=\"article\" \/>\n<meta property=\"og:title\" content=\"XVI Semin\u00e1rio Nacional de Pesquisa em Literatura e Cria\u00e7\u00e3o Liter\u00e1ria - Programa de P\u00f3s-Gradua\u00e7\u00e3o em Letras\/Estudos Liter\u00e1rios\" \/>\n<meta property=\"og:description\" content=\"O PPGL &#8211; Programa de P\u00f3s-gradua\u00e7\u00e3o em Letras\/Estudos Liter\u00e1rios, com o apoio institucional da Universidade Estadual de Montes Claros &#8211; UNIMONTES, anuncia a realiza\u00e7\u00e3o do&nbsp;XVI Semin\u00e1rio Nacional de Pesquisa em Literatura e Cria\u00e7\u00e3o Liter\u00e1ria, com o tema RESISTIR E RESSIGNIFICAR: a Literatura em tempos sombrios, que considera a literatura como uma ferramenta essencial de enfrentamento [&hellip;]\" \/>\n<meta property=\"og:url\" content=\"https:\/\/www.posgraduacao.unimontes.br\/ppgl\/2024\/09\/25\/xvi-seminario-nacional-de-pesquisa-em-literatura-e-criacao-literaria\/\" \/>\n<meta property=\"og:site_name\" content=\"Programa de P\u00f3s-Gradua\u00e7\u00e3o em Letras\/Estudos Liter\u00e1rios\" \/>\n<meta property=\"article:published_time\" content=\"2024-09-25T17:27:15+00:00\" \/>\n<meta property=\"article:modified_time\" content=\"2024-10-29T14:09:53+00:00\" \/>\n<meta property=\"og:image\" content=\"http:\/\/www.posgraduacao.unimontes.br\/uploads\/sites\/12\/2024\/09\/Imagem-do-WhatsApp-de-2024-09-20-\u00e0s-09.01.12_526bb4a2-1024x888.jpg\" \/>\n<meta name=\"twitter:card\" content=\"summary_large_image\" \/>\n<script type=\"application\/ld+json\" class=\"yoast-schema-graph\">{\"@context\":\"https:\/\/schema.org\",\"@graph\":[{\"@type\":\"WebSite\",\"@id\":\"https:\/\/www.posgraduacao.unimontes.br\/ppgl\/#website\",\"url\":\"https:\/\/www.posgraduacao.unimontes.br\/ppgl\/\",\"name\":\"Programa de P\\u00f3s-Gradua\\u00e7\\u00e3o em Letras\/Estudos Liter\\u00e1rios\",\"description\":\"Universidade Estadual de Montes Claros - Unimontes\",\"potentialAction\":[{\"@type\":\"SearchAction\",\"target\":\"https:\/\/www.posgraduacao.unimontes.br\/ppgl\/?s={search_term_string}\",\"query-input\":\"required name=search_term_string\"}],\"inLanguage\":\"pt-BR\"},{\"@type\":\"ImageObject\",\"@id\":\"https:\/\/www.posgraduacao.unimontes.br\/ppgl\/2024\/09\/25\/xvi-seminario-nacional-de-pesquisa-em-literatura-e-criacao-literaria\/#primaryimage\",\"inLanguage\":\"pt-BR\",\"url\":\"http:\/\/www.posgraduacao.unimontes.br\/uploads\/sites\/12\/2024\/09\/Imagem-do-WhatsApp-de-2024-09-20-\\u00e0s-09.01.12_526bb4a2-1024x888.jpg\"},{\"@type\":\"WebPage\",\"@id\":\"https:\/\/www.posgraduacao.unimontes.br\/ppgl\/2024\/09\/25\/xvi-seminario-nacional-de-pesquisa-em-literatura-e-criacao-literaria\/#webpage\",\"url\":\"https:\/\/www.posgraduacao.unimontes.br\/ppgl\/2024\/09\/25\/xvi-seminario-nacional-de-pesquisa-em-literatura-e-criacao-literaria\/\",\"name\":\"XVI Semin\\u00e1rio Nacional de Pesquisa em Literatura e Cria\\u00e7\\u00e3o Liter\\u00e1ria - Programa de P\\u00f3s-Gradua\\u00e7\\u00e3o em Letras\/Estudos Liter\\u00e1rios\",\"isPartOf\":{\"@id\":\"https:\/\/www.posgraduacao.unimontes.br\/ppgl\/#website\"},\"primaryImageOfPage\":{\"@id\":\"https:\/\/www.posgraduacao.unimontes.br\/ppgl\/2024\/09\/25\/xvi-seminario-nacional-de-pesquisa-em-literatura-e-criacao-literaria\/#primaryimage\"},\"datePublished\":\"2024-09-25T17:27:15+00:00\",\"dateModified\":\"2024-10-29T14:09:53+00:00\",\"author\":{\"@id\":\"https:\/\/www.posgraduacao.unimontes.br\/ppgl\/#\/schema\/person\/3dcc7dc6b1c6b214c2b251c2fe91d7ba\"},\"inLanguage\":\"pt-BR\",\"potentialAction\":[{\"@type\":\"ReadAction\",\"target\":[\"https:\/\/www.posgraduacao.unimontes.br\/ppgl\/2024\/09\/25\/xvi-seminario-nacional-de-pesquisa-em-literatura-e-criacao-literaria\/\"]}]},{\"@type\":[\"Person\"],\"@id\":\"https:\/\/www.posgraduacao.unimontes.br\/ppgl\/#\/schema\/person\/3dcc7dc6b1c6b214c2b251c2fe91d7ba\",\"name\":\"ppgl\",\"image\":{\"@type\":\"ImageObject\",\"@id\":\"https:\/\/www.posgraduacao.unimontes.br\/ppgl\/#personlogo\",\"inLanguage\":\"pt-BR\",\"url\":\"https:\/\/secure.gravatar.com\/avatar\/957312082955906ffeb54778cb4e47c3?s=96&d=mm&r=g\",\"caption\":\"ppgl\"}}]}<\/script>\n<!-- \/ Yoast SEO plugin. -->","_links":{"self":[{"href":"https:\/\/www.posgraduacao.unimontes.br\/ppgl\/wp-json\/wp\/v2\/posts\/2108"}],"collection":[{"href":"https:\/\/www.posgraduacao.unimontes.br\/ppgl\/wp-json\/wp\/v2\/posts"}],"about":[{"href":"https:\/\/www.posgraduacao.unimontes.br\/ppgl\/wp-json\/wp\/v2\/types\/post"}],"author":[{"embeddable":true,"href":"https:\/\/www.posgraduacao.unimontes.br\/ppgl\/wp-json\/wp\/v2\/users\/8"}],"replies":[{"embeddable":true,"href":"https:\/\/www.posgraduacao.unimontes.br\/ppgl\/wp-json\/wp\/v2\/comments?post=2108"}],"version-history":[{"count":3,"href":"https:\/\/www.posgraduacao.unimontes.br\/ppgl\/wp-json\/wp\/v2\/posts\/2108\/revisions"}],"predecessor-version":[{"id":2111,"href":"https:\/\/www.posgraduacao.unimontes.br\/ppgl\/wp-json\/wp\/v2\/posts\/2108\/revisions\/2111"}],"wp:attachment":[{"href":"https:\/\/www.posgraduacao.unimontes.br\/ppgl\/wp-json\/wp\/v2\/media?parent=2108"}],"wp:term":[{"taxonomy":"category","embeddable":true,"href":"https:\/\/www.posgraduacao.unimontes.br\/ppgl\/wp-json\/wp\/v2\/categories?post=2108"},{"taxonomy":"post_tag","embeddable":true,"href":"https:\/\/www.posgraduacao.unimontes.br\/ppgl\/wp-json\/wp\/v2\/tags?post=2108"}],"curies":[{"name":"wp","href":"https:\/\/api.w.org\/{rel}","templated":true}]}}