{"id":3582,"date":"2025-08-19T20:08:06","date_gmt":"2025-08-19T23:08:06","guid":{"rendered":"https:\/\/www.posgraduacao.unimontes.br\/ppgeo\/?p=3582"},"modified":"2025-09-02T08:53:25","modified_gmt":"2025-09-02T11:53:25","slug":"ppgeo-unimontes-abre-inscricoes-para-mestrado-em-geografia-com-20-vagas-para-2026","status":"publish","type":"post","link":"https:\/\/www.posgraduacao.unimontes.br\/ppgeo\/2025\/08\/19\/ppgeo-unimontes-abre-inscricoes-para-mestrado-em-geografia-com-20-vagas-para-2026\/","title":{"rendered":"PPGEO-UNIMONTES abre inscri\u00e7\u00f5es para Mestrado em Geografia com 20 vagas para 2026"},"content":{"rendered":"\n<figure class=\"wp-block-image size-large\"><img loading=\"lazy\" width=\"1024\" height=\"683\" src=\"https:\/\/www.posgraduacao.unimontes.br\/uploads\/sites\/7\/2025\/08\/jovem-barbudo-com-globo-1024x683.jpg\" alt=\"\" class=\"wp-image-3583\" srcset=\"https:\/\/www.posgraduacao.unimontes.br\/uploads\/sites\/7\/2025\/08\/jovem-barbudo-com-globo-1024x683.jpg 1024w, https:\/\/www.posgraduacao.unimontes.br\/uploads\/sites\/7\/2025\/08\/jovem-barbudo-com-globo-300x200.jpg 300w, https:\/\/www.posgraduacao.unimontes.br\/uploads\/sites\/7\/2025\/08\/jovem-barbudo-com-globo-150x100.jpg 150w, https:\/\/www.posgraduacao.unimontes.br\/uploads\/sites\/7\/2025\/08\/jovem-barbudo-com-globo-768x512.jpg 768w, https:\/\/www.posgraduacao.unimontes.br\/uploads\/sites\/7\/2025\/08\/jovem-barbudo-com-globo-1536x1024.jpg 1536w, https:\/\/www.posgraduacao.unimontes.br\/uploads\/sites\/7\/2025\/08\/jovem-barbudo-com-globo-2048x1365.jpg 2048w, https:\/\/www.posgraduacao.unimontes.br\/uploads\/sites\/7\/2025\/08\/jovem-barbudo-com-globo-272x182.jpg 272w\" sizes=\"(max-width: 1024px) 100vw, 1024px\" \/><figcaption>Indoor shot of smiling glad male student rejoices coming holidays, indicates at one place on globe, happy to have vacations abroad, ready exploring new places, poses against white background<\/figcaption><\/figure>\n\n\n\n<p>O <strong>Programa de P\u00f3s-Gradua\u00e7\u00e3o em Geografia <\/strong>(PPGEO) da Universidade Estadual de Montes Claros (UNIMONTES) anuncia a abertura do processo seletivo para seu curso de <strong>Mestrado Acad\u00eamico<\/strong>, com in\u00edcio no primeiro semestre de 2026. S\u00e3o oferecidas <strong>20 vagas<\/strong>, distribu\u00eddas igualmente entre as linhas de pesquisa &#8220;<strong>Produ\u00e7\u00e3o dos Espa\u00e7os Urbanos e Rurais&#8221; e &#8220;Territ\u00f3rio, Cultura e Meio Ambiente<\/strong>&#8220;.<\/p>\n\n\n\n<p>As inscri\u00e7\u00f5es ser\u00e3o realizadas exclusivamente online, atrav\u00e9s do site <a class=\"\" rel=\"noreferrer noopener\" href=\"http:\/\/jwsgestaoweb.com.br\/ppgeo\/\" target=\"_blank\">http:\/\/jwsgestaoweb.com.br\/ppgeo\/<\/a>, no per\u00edodo de <strong>22 de agosto a 29 de setembro de 2025<\/strong>, sem cobran\u00e7a de taxa. Podem se candidatar graduados em Geografia ou em outras \u00e1reas do conhecimento, al\u00e9m de estudantes com previs\u00e3o de conclus\u00e3o da gradua\u00e7\u00e3o at\u00e9 10 de fevereiro de 2026.<\/p>\n\n\n\n<p>Em conson\u00e2ncia com as pol\u00edticas de a\u00e7\u00f5es afirmativas da universidade, sete vagas s\u00e3o reservadas para candidatos autodeclarados ind\u00edgenas (2), negros e povos tradicionais (2), pessoas com defici\u00eancia (1) e negros egressos de escola p\u00fablica (2).<\/p>\n\n\n\n<p>O processo seletivo ser\u00e1 composto por tr\u00eas etapas: avalia\u00e7\u00e3o do projeto de pesquisa, argui\u00e7\u00e3o oral e an\u00e1lise curricular. As argui\u00e7\u00f5es orais ser\u00e3o realizadas remotamente entre 22 e 24 de outubro de 2025, com calend\u00e1rio a ser divulgado previamente. O resultado final est\u00e1 previsto para 28 de novembro de 2025.<\/p>\n\n\n\n<p>Uma particularidade do programa \u00e9 a exig\u00eancia de profici\u00eancia em l\u00edngua estrangeira (ingl\u00eas ou espanhol), que poder\u00e1 ser comprovada em at\u00e9 12 meses ap\u00f3s a matr\u00edcula. S\u00e3o aceitos diversos certificados internacionais, como TOEFL e DELE, al\u00e9m da prova de profici\u00eancia do Departamento de Letras da pr\u00f3pria UNIMONTES.<\/p>\n\n\n\n<p>&#8220;\u00c9 fundamental que os interessados leiam atentamente o edital completo e acompanhem todas as comunica\u00e7\u00f5es oficiais atrav\u00e9s do site do programa&#8221;, destaca o coordenador do PPGEO, Prof. Dr. Carlos Alexandre de Bortolo. Todas as informa\u00e7\u00f5es detalhadas, incluindo poss\u00edveis retifica\u00e7\u00f5es, estar\u00e3o dispon\u00edveis em  <a href=\"https:\/\/unimontes.br\/edital\/edital-03-2025-processo-seletivo-de-alunos-regulares-no-mestrado-em-geografia-ppgeo\/\">Edital 03\/2025 &#8211; Processo seletivo de alunos regulares no mestrado em geografia &#8211; PPGEO &#8211; Universidade Estadual de Montes Claros &#8211; Unimontes<\/a> <\/p>\n\n\n\n<p>O PPGEO-UNIMONTES tem se consolidado como importante centro de forma\u00e7\u00e3o de pesquisadores e profissionais qualificados na \u00e1rea de Geografia, contribuindo significativamente para o desenvolvimento cient\u00edfico e social da regi\u00e3o. Os candidatos aprovados ter\u00e3o a oportunidade de desenvolver pesquisas relevantes sob orienta\u00e7\u00e3o de um corpo docente altamente qualificado.<\/p>\n\n\n\n<p>Para mais informa\u00e7\u00f5es, os interessados podem consultar o edital completo no site do programa ou entrar em contato atrav\u00e9s do e-mail <a class=\"\" href=\"mailto:ppgeo@unimontes.br\" target=\"_blank\" rel=\"noreferrer noopener\">ppgeo@unimontes.br<\/a>.<\/p>\n","protected":false},"excerpt":{"rendered":"<p>O Programa de P\u00f3s-Gradua\u00e7\u00e3o em Geografia (PPGEO) da Universidade Estadual de Montes Claros (UNIMONTES) anuncia a abertura do processo seletivo para seu curso de Mestrado Acad\u00eamico, com in\u00edcio no primeiro semestre de 2026. S\u00e3o oferecidas 20 vagas, distribu\u00eddas igualmente entre as linhas de pesquisa &#8220;Produ\u00e7\u00e3o dos Espa\u00e7os Urbanos e Rurais&#8221; e &#8220;Territ\u00f3rio, Cultura e Meio [&hellip;]<\/p>\n","protected":false},"author":4,"featured_media":0,"comment_status":"closed","ping_status":"closed","sticky":false,"template":"","format":"standard","meta":[],"categories":[1],"tags":[],"yoast_head":"<!-- This site is optimized with the Yoast SEO plugin v14.7 - https:\/\/yoast.com\/wordpress\/plugins\/seo\/ -->\n<title>PPGEO-UNIMONTES abre inscri\u00e7\u00f5es para Mestrado em Geografia com 20 vagas para 2026 -<\/title>\n<meta name=\"robots\" content=\"index, follow\" \/>\n<meta name=\"googlebot\" content=\"index, follow, max-snippet:-1, max-image-preview:large, max-video-preview:-1\" \/>\n<meta name=\"bingbot\" content=\"index, follow, max-snippet:-1, max-image-preview:large, max-video-preview:-1\" \/>\n<link rel=\"canonical\" href=\"https:\/\/www.posgraduacao.unimontes.br\/ppgeo\/2025\/08\/19\/ppgeo-unimontes-abre-inscricoes-para-mestrado-em-geografia-com-20-vagas-para-2026\/\" \/>\n<meta property=\"og:locale\" content=\"pt_BR\" \/>\n<meta property=\"og:type\" content=\"article\" \/>\n<meta property=\"og:title\" content=\"PPGEO-UNIMONTES abre inscri\u00e7\u00f5es para Mestrado em Geografia com 20 vagas para 2026 -\" \/>\n<meta property=\"og:description\" content=\"O Programa de P\u00f3s-Gradua\u00e7\u00e3o em Geografia (PPGEO) da Universidade Estadual de Montes Claros (UNIMONTES) anuncia a abertura do processo seletivo para seu curso de Mestrado Acad\u00eamico, com in\u00edcio no primeiro semestre de 2026. S\u00e3o oferecidas 20 vagas, distribu\u00eddas igualmente entre as linhas de pesquisa &#8220;Produ\u00e7\u00e3o dos Espa\u00e7os Urbanos e Rurais&#8221; e &#8220;Territ\u00f3rio, Cultura e Meio [&hellip;]\" \/>\n<meta property=\"og:url\" content=\"https:\/\/www.posgraduacao.unimontes.br\/ppgeo\/2025\/08\/19\/ppgeo-unimontes-abre-inscricoes-para-mestrado-em-geografia-com-20-vagas-para-2026\/\" \/>\n<meta property=\"article:published_time\" content=\"2025-08-19T23:08:06+00:00\" \/>\n<meta property=\"article:modified_time\" content=\"2025-09-02T11:53:25+00:00\" \/>\n<meta property=\"og:image\" content=\"https:\/\/www.posgraduacao.unimontes.br\/uploads\/sites\/7\/2025\/08\/jovem-barbudo-com-globo-1024x683.jpg\" \/>\n<meta name=\"twitter:card\" content=\"summary_large_image\" \/>\n<script type=\"application\/ld+json\" class=\"yoast-schema-graph\">{\"@context\":\"https:\/\/schema.org\",\"@graph\":[{\"@type\":\"WebSite\",\"@id\":\"https:\/\/www.posgraduacao.unimontes.br\/ppgeo\/#website\",\"url\":\"https:\/\/www.posgraduacao.unimontes.br\/ppgeo\/\",\"name\":\"\",\"description\":\"\",\"potentialAction\":[{\"@type\":\"SearchAction\",\"target\":\"https:\/\/www.posgraduacao.unimontes.br\/ppgeo\/?s={search_term_string}\",\"query-input\":\"required name=search_term_string\"}],\"inLanguage\":\"pt-BR\"},{\"@type\":\"ImageObject\",\"@id\":\"https:\/\/www.posgraduacao.unimontes.br\/ppgeo\/2025\/08\/19\/ppgeo-unimontes-abre-inscricoes-para-mestrado-em-geografia-com-20-vagas-para-2026\/#primaryimage\",\"inLanguage\":\"pt-BR\",\"url\":\"https:\/\/www.posgraduacao.unimontes.br\/uploads\/sites\/7\/2025\/08\/jovem-barbudo-com-globo-1024x683.jpg\"},{\"@type\":\"WebPage\",\"@id\":\"https:\/\/www.posgraduacao.unimontes.br\/ppgeo\/2025\/08\/19\/ppgeo-unimontes-abre-inscricoes-para-mestrado-em-geografia-com-20-vagas-para-2026\/#webpage\",\"url\":\"https:\/\/www.posgraduacao.unimontes.br\/ppgeo\/2025\/08\/19\/ppgeo-unimontes-abre-inscricoes-para-mestrado-em-geografia-com-20-vagas-para-2026\/\",\"name\":\"PPGEO-UNIMONTES abre inscri\\u00e7\\u00f5es para Mestrado em Geografia com 20 vagas para 2026 -\",\"isPartOf\":{\"@id\":\"https:\/\/www.posgraduacao.unimontes.br\/ppgeo\/#website\"},\"primaryImageOfPage\":{\"@id\":\"https:\/\/www.posgraduacao.unimontes.br\/ppgeo\/2025\/08\/19\/ppgeo-unimontes-abre-inscricoes-para-mestrado-em-geografia-com-20-vagas-para-2026\/#primaryimage\"},\"datePublished\":\"2025-08-19T23:08:06+00:00\",\"dateModified\":\"2025-09-02T11:53:25+00:00\",\"author\":{\"@id\":\"https:\/\/www.posgraduacao.unimontes.br\/ppgeo\/#\/schema\/person\/50bc6a92ec81c0fe3505bad1d108fb5e\"},\"inLanguage\":\"pt-BR\",\"potentialAction\":[{\"@type\":\"ReadAction\",\"target\":[\"https:\/\/www.posgraduacao.unimontes.br\/ppgeo\/2025\/08\/19\/ppgeo-unimontes-abre-inscricoes-para-mestrado-em-geografia-com-20-vagas-para-2026\/\"]}]},{\"@type\":[\"Person\"],\"@id\":\"https:\/\/www.posgraduacao.unimontes.br\/ppgeo\/#\/schema\/person\/50bc6a92ec81c0fe3505bad1d108fb5e\",\"name\":\"ppgeo\"}]}<\/script>\n<!-- \/ Yoast SEO plugin. -->","_links":{"self":[{"href":"https:\/\/www.posgraduacao.unimontes.br\/ppgeo\/wp-json\/wp\/v2\/posts\/3582"}],"collection":[{"href":"https:\/\/www.posgraduacao.unimontes.br\/ppgeo\/wp-json\/wp\/v2\/posts"}],"about":[{"href":"https:\/\/www.posgraduacao.unimontes.br\/ppgeo\/wp-json\/wp\/v2\/types\/post"}],"author":[{"embeddable":true,"href":"https:\/\/www.posgraduacao.unimontes.br\/ppgeo\/wp-json\/wp\/v2\/users\/4"}],"replies":[{"embeddable":true,"href":"https:\/\/www.posgraduacao.unimontes.br\/ppgeo\/wp-json\/wp\/v2\/comments?post=3582"}],"version-history":[{"count":2,"href":"https:\/\/www.posgraduacao.unimontes.br\/ppgeo\/wp-json\/wp\/v2\/posts\/3582\/revisions"}],"predecessor-version":[{"id":3595,"href":"https:\/\/www.posgraduacao.unimontes.br\/ppgeo\/wp-json\/wp\/v2\/posts\/3582\/revisions\/3595"}],"wp:attachment":[{"href":"https:\/\/www.posgraduacao.unimontes.br\/ppgeo\/wp-json\/wp\/v2\/media?parent=3582"}],"wp:term":[{"taxonomy":"category","embeddable":true,"href":"https:\/\/www.posgraduacao.unimontes.br\/ppgeo\/wp-json\/wp\/v2\/categories?post=3582"},{"taxonomy":"post_tag","embeddable":true,"href":"https:\/\/www.posgraduacao.unimontes.br\/ppgeo\/wp-json\/wp\/v2\/tags?post=3582"}],"curies":[{"name":"wp","href":"https:\/\/api.w.org\/{rel}","templated":true}]}}