{"id":3562,"date":"2025-07-30T11:33:55","date_gmt":"2025-07-30T14:33:55","guid":{"rendered":"https:\/\/www.posgraduacao.unimontes.br\/ppgeo\/?p=3562"},"modified":"2025-07-30T11:33:56","modified_gmt":"2025-07-30T14:33:56","slug":"historia-da-geografia-na-geografia-historica-do-capitalismo-e-tema-de-aula-inaugural-do-doutorado","status":"publish","type":"post","link":"https:\/\/www.posgraduacao.unimontes.br\/ppgeo\/2025\/07\/30\/historia-da-geografia-na-geografia-historica-do-capitalismo-e-tema-de-aula-inaugural-do-doutorado\/","title":{"rendered":"Hist\u00f3ria da Geografia na Geografia Hist\u00f3rica do Capitalismo \u00e9 tema de aula inaugural do Doutorado"},"content":{"rendered":"\n<figure class=\"wp-block-image size-large is-resized\"><img loading=\"lazy\" src=\"https:\/\/www.posgraduacao.unimontes.br\/uploads\/sites\/7\/2025\/07\/aula-inaugural-PPGEO-1-819x1024.png\" alt=\"\" class=\"wp-image-3563\" width=\"373\" height=\"466\" srcset=\"https:\/\/www.posgraduacao.unimontes.br\/uploads\/sites\/7\/2025\/07\/aula-inaugural-PPGEO-1-819x1024.png 819w, https:\/\/www.posgraduacao.unimontes.br\/uploads\/sites\/7\/2025\/07\/aula-inaugural-PPGEO-1-240x300.png 240w, https:\/\/www.posgraduacao.unimontes.br\/uploads\/sites\/7\/2025\/07\/aula-inaugural-PPGEO-1-120x150.png 120w, https:\/\/www.posgraduacao.unimontes.br\/uploads\/sites\/7\/2025\/07\/aula-inaugural-PPGEO-1-614x768.png 614w, https:\/\/www.posgraduacao.unimontes.br\/uploads\/sites\/7\/2025\/07\/aula-inaugural-PPGEO-1.png 1080w\" sizes=\"(max-width: 373px) 100vw, 373px\" \/><\/figure>\n\n\n\n<p>O Programa de P\u00f3s-Gradua\u00e7\u00e3o em Geografia da Unimontes (PPGEO) convida toda a comunidade acad\u00eamica para a aula inaugural do Doutorado, que acontecer\u00e1 no dia <strong>29 de agosto<\/strong>, \u00e0s <strong>19h<\/strong>, no <strong>Audit\u00f3rio do CCH\/Unimontes<\/strong>. A atividade ser\u00e1 conduzida pelo <strong>Prof. Dr. Manoel Fernandes de Souza Neto<\/strong>, docente da Universidade de S\u00e3o Paulo (USP), e ter\u00e1 como tema: <strong>&#8220;A Hist\u00f3ria da Geografia na Geografia Hist\u00f3rica do Capitalismo&#8221;<\/strong>.<\/p>\n\n\n\n<p>As <strong>inscri\u00e7\u00f5es ser\u00e3o feitas presencialmente, no local do evento<\/strong>, e os(as) participantes receber\u00e3o <strong>certificado de participa\u00e7\u00e3o<\/strong>.<\/p>\n\n\n\n<p>De acordo com o coordenador do PPGEO, <strong>Prof. Dr. Carlos Bortolo<\/strong>, a escolha do tema dialoga diretamente com os fundamentos te\u00f3ricos e cr\u00edticos que orientam a proposta do programa.<\/p>\n\n\n\n<blockquote class=\"wp-block-quote\"><p><em>\u201c\u00c9 uma honra iniciarmos o semestre com a presen\u00e7a do professor Manoel Fernandes, refer\u00eancia nacional na Geografia Cr\u00edtica. A abordagem hist\u00f3rica proposta nesta aula inaugural \u00e9 fundamental para compreendermos as transforma\u00e7\u00f5es do espa\u00e7o geogr\u00e1fico na din\u00e2mica do capitalismo, o que est\u00e1 no cerne das pesquisas que desenvolvemos no doutorado\u201d<\/em>, afirma o professor.<\/p><\/blockquote>\n\n\n\n<hr class=\"wp-block-separator\" \/>\n\n\n\n<h3><strong>Sobre o convidado<\/strong><\/h3>\n\n\n\n<p><strong>Manoel Fernandes de Souza Neto<\/strong> \u00e9 Professor Titular do Departamento de Geografia da Universidade de S\u00e3o Paulo (USP). Graduou-se em Geografia (Licenciatura e Bacharelado) pela Universidade Federal do Cear\u00e1 (UFC), onde tamb\u00e9m participou ativamente do movimento estudantil, ocupando cargos como Presidente do Centro Acad\u00eamico Am\u00e9lia Alba, Diretor do DCE-UFC e da UNE.<\/p>\n\n\n\n<p>Atuou como docente nas universidades federais da Para\u00edba (1993\u20131998) e do Cear\u00e1 (1998\u20132007). Tornou-se Mestre (1997) e Doutor (2004) em Geografia Humana pela USP, onde tamb\u00e9m obteve o t\u00edtulo de Livre-Docente em 2019. Realizou p\u00f3s-doutorado em Hist\u00f3ria da Cartografia e Cartografia Hist\u00f3rica na Universidade do Porto (2012\u20132013) e foi professor visitante na Universit\u00e9 Cergy-Pontoise (Fran\u00e7a, 2019).<\/p>\n\n\n\n<p>Presidiu a ANPEGE (Associa\u00e7\u00e3o Nacional de P\u00f3s-Gradua\u00e7\u00e3o e Pesquisa em Geografia) no bi\u00eanio 2018\u20132019 e atualmente integra a <strong>Coordena\u00e7\u00e3o de \u00c1rea de Geografia da CAPES<\/strong>, como Coordenador Adjunto Acad\u00eamico (2023\u20132026). \u00c9 tamb\u00e9m coordenador do GECA \u2013 Grupo de Estudos do Capital (USP), onde desenvolve e orienta pesquisas no campo da Hist\u00f3ria da Geografia e da Geografia Hist\u00f3rica do Capitalismo. Al\u00e9m de ge\u00f3grafo, \u00e9 poeta e militante do movimento docente junto ao ANDES-SN desde 1993.<\/p>\n","protected":false},"excerpt":{"rendered":"<p>O Programa de P\u00f3s-Gradua\u00e7\u00e3o em Geografia da Unimontes (PPGEO) convida toda a comunidade acad\u00eamica para a aula inaugural do Doutorado, que acontecer\u00e1 no dia 29 de agosto, \u00e0s 19h, no Audit\u00f3rio do CCH\/Unimontes. A atividade ser\u00e1 conduzida pelo Prof. Dr. Manoel Fernandes de Souza Neto, docente da Universidade de S\u00e3o Paulo (USP), e ter\u00e1 como [&hellip;]<\/p>\n","protected":false},"author":4,"featured_media":0,"comment_status":"closed","ping_status":"closed","sticky":false,"template":"","format":"standard","meta":[],"categories":[1],"tags":[],"yoast_head":"<!-- This site is optimized with the Yoast SEO plugin v14.7 - https:\/\/yoast.com\/wordpress\/plugins\/seo\/ -->\n<title>Hist\u00f3ria da Geografia na Geografia Hist\u00f3rica do Capitalismo \u00e9 tema de aula inaugural do Doutorado -<\/title>\n<meta name=\"robots\" content=\"index, follow\" \/>\n<meta name=\"googlebot\" content=\"index, follow, max-snippet:-1, max-image-preview:large, max-video-preview:-1\" \/>\n<meta name=\"bingbot\" content=\"index, follow, max-snippet:-1, max-image-preview:large, max-video-preview:-1\" \/>\n<link rel=\"canonical\" href=\"https:\/\/www.posgraduacao.unimontes.br\/ppgeo\/2025\/07\/30\/historia-da-geografia-na-geografia-historica-do-capitalismo-e-tema-de-aula-inaugural-do-doutorado\/\" \/>\n<meta property=\"og:locale\" content=\"pt_BR\" \/>\n<meta property=\"og:type\" content=\"article\" \/>\n<meta property=\"og:title\" content=\"Hist\u00f3ria da Geografia na Geografia Hist\u00f3rica do Capitalismo \u00e9 tema de aula inaugural do Doutorado -\" \/>\n<meta property=\"og:description\" content=\"O Programa de P\u00f3s-Gradua\u00e7\u00e3o em Geografia da Unimontes (PPGEO) convida toda a comunidade acad\u00eamica para a aula inaugural do Doutorado, que acontecer\u00e1 no dia 29 de agosto, \u00e0s 19h, no Audit\u00f3rio do CCH\/Unimontes. A atividade ser\u00e1 conduzida pelo Prof. Dr. Manoel Fernandes de Souza Neto, docente da Universidade de S\u00e3o Paulo (USP), e ter\u00e1 como [&hellip;]\" \/>\n<meta property=\"og:url\" content=\"https:\/\/www.posgraduacao.unimontes.br\/ppgeo\/2025\/07\/30\/historia-da-geografia-na-geografia-historica-do-capitalismo-e-tema-de-aula-inaugural-do-doutorado\/\" \/>\n<meta property=\"article:published_time\" content=\"2025-07-30T14:33:55+00:00\" \/>\n<meta property=\"article:modified_time\" content=\"2025-07-30T14:33:56+00:00\" \/>\n<meta property=\"og:image\" content=\"https:\/\/www.posgraduacao.unimontes.br\/uploads\/sites\/7\/2025\/07\/aula-inaugural-PPGEO-1-819x1024.png\" \/>\n<meta name=\"twitter:card\" content=\"summary_large_image\" \/>\n<script type=\"application\/ld+json\" class=\"yoast-schema-graph\">{\"@context\":\"https:\/\/schema.org\",\"@graph\":[{\"@type\":\"WebSite\",\"@id\":\"https:\/\/www.posgraduacao.unimontes.br\/ppgeo\/#website\",\"url\":\"https:\/\/www.posgraduacao.unimontes.br\/ppgeo\/\",\"name\":\"\",\"description\":\"\",\"potentialAction\":[{\"@type\":\"SearchAction\",\"target\":\"https:\/\/www.posgraduacao.unimontes.br\/ppgeo\/?s={search_term_string}\",\"query-input\":\"required name=search_term_string\"}],\"inLanguage\":\"pt-BR\"},{\"@type\":\"ImageObject\",\"@id\":\"https:\/\/www.posgraduacao.unimontes.br\/ppgeo\/2025\/07\/30\/historia-da-geografia-na-geografia-historica-do-capitalismo-e-tema-de-aula-inaugural-do-doutorado\/#primaryimage\",\"inLanguage\":\"pt-BR\",\"url\":\"https:\/\/www.posgraduacao.unimontes.br\/uploads\/sites\/7\/2025\/07\/aula-inaugural-PPGEO-1-819x1024.png\"},{\"@type\":\"WebPage\",\"@id\":\"https:\/\/www.posgraduacao.unimontes.br\/ppgeo\/2025\/07\/30\/historia-da-geografia-na-geografia-historica-do-capitalismo-e-tema-de-aula-inaugural-do-doutorado\/#webpage\",\"url\":\"https:\/\/www.posgraduacao.unimontes.br\/ppgeo\/2025\/07\/30\/historia-da-geografia-na-geografia-historica-do-capitalismo-e-tema-de-aula-inaugural-do-doutorado\/\",\"name\":\"Hist\\u00f3ria da Geografia na Geografia Hist\\u00f3rica do Capitalismo \\u00e9 tema de aula inaugural do Doutorado -\",\"isPartOf\":{\"@id\":\"https:\/\/www.posgraduacao.unimontes.br\/ppgeo\/#website\"},\"primaryImageOfPage\":{\"@id\":\"https:\/\/www.posgraduacao.unimontes.br\/ppgeo\/2025\/07\/30\/historia-da-geografia-na-geografia-historica-do-capitalismo-e-tema-de-aula-inaugural-do-doutorado\/#primaryimage\"},\"datePublished\":\"2025-07-30T14:33:55+00:00\",\"dateModified\":\"2025-07-30T14:33:56+00:00\",\"author\":{\"@id\":\"https:\/\/www.posgraduacao.unimontes.br\/ppgeo\/#\/schema\/person\/50bc6a92ec81c0fe3505bad1d108fb5e\"},\"inLanguage\":\"pt-BR\",\"potentialAction\":[{\"@type\":\"ReadAction\",\"target\":[\"https:\/\/www.posgraduacao.unimontes.br\/ppgeo\/2025\/07\/30\/historia-da-geografia-na-geografia-historica-do-capitalismo-e-tema-de-aula-inaugural-do-doutorado\/\"]}]},{\"@type\":[\"Person\"],\"@id\":\"https:\/\/www.posgraduacao.unimontes.br\/ppgeo\/#\/schema\/person\/50bc6a92ec81c0fe3505bad1d108fb5e\",\"name\":\"ppgeo\"}]}<\/script>\n<!-- \/ Yoast SEO plugin. -->","_links":{"self":[{"href":"https:\/\/www.posgraduacao.unimontes.br\/ppgeo\/wp-json\/wp\/v2\/posts\/3562"}],"collection":[{"href":"https:\/\/www.posgraduacao.unimontes.br\/ppgeo\/wp-json\/wp\/v2\/posts"}],"about":[{"href":"https:\/\/www.posgraduacao.unimontes.br\/ppgeo\/wp-json\/wp\/v2\/types\/post"}],"author":[{"embeddable":true,"href":"https:\/\/www.posgraduacao.unimontes.br\/ppgeo\/wp-json\/wp\/v2\/users\/4"}],"replies":[{"embeddable":true,"href":"https:\/\/www.posgraduacao.unimontes.br\/ppgeo\/wp-json\/wp\/v2\/comments?post=3562"}],"version-history":[{"count":1,"href":"https:\/\/www.posgraduacao.unimontes.br\/ppgeo\/wp-json\/wp\/v2\/posts\/3562\/revisions"}],"predecessor-version":[{"id":3564,"href":"https:\/\/www.posgraduacao.unimontes.br\/ppgeo\/wp-json\/wp\/v2\/posts\/3562\/revisions\/3564"}],"wp:attachment":[{"href":"https:\/\/www.posgraduacao.unimontes.br\/ppgeo\/wp-json\/wp\/v2\/media?parent=3562"}],"wp:term":[{"taxonomy":"category","embeddable":true,"href":"https:\/\/www.posgraduacao.unimontes.br\/ppgeo\/wp-json\/wp\/v2\/categories?post=3562"},{"taxonomy":"post_tag","embeddable":true,"href":"https:\/\/www.posgraduacao.unimontes.br\/ppgeo\/wp-json\/wp\/v2\/tags?post=3562"}],"curies":[{"name":"wp","href":"https:\/\/api.w.org\/{rel}","templated":true}]}}