{"id":3554,"date":"2025-07-03T09:20:44","date_gmt":"2025-07-03T12:20:44","guid":{"rendered":"https:\/\/www.posgraduacao.unimontes.br\/ppgeo\/?p=3554"},"modified":"2025-07-03T09:20:46","modified_gmt":"2025-07-03T12:20:46","slug":"ppgeo-unimontes-marca-presenca-no-maior-evento-de-geografia-da-america-latina-e-caribe","status":"publish","type":"post","link":"https:\/\/www.posgraduacao.unimontes.br\/ppgeo\/2025\/07\/03\/ppgeo-unimontes-marca-presenca-no-maior-evento-de-geografia-da-america-latina-e-caribe\/","title":{"rendered":"PPGEO\/Unimontes marca presen\u00e7a no maior evento de Geografia da Am\u00e9rica Latina e Caribe"},"content":{"rendered":"\n<figure class=\"wp-block-image size-large is-resized\"><img loading=\"lazy\" src=\"https:\/\/www.posgraduacao.unimontes.br\/uploads\/sites\/7\/2025\/07\/mexico-profs.png\" alt=\"\" class=\"wp-image-3555\" width=\"549\" height=\"446\" srcset=\"https:\/\/www.posgraduacao.unimontes.br\/uploads\/sites\/7\/2025\/07\/mexico-profs.png 465w, https:\/\/www.posgraduacao.unimontes.br\/uploads\/sites\/7\/2025\/07\/mexico-profs-300x244.png 300w, https:\/\/www.posgraduacao.unimontes.br\/uploads\/sites\/7\/2025\/07\/mexico-profs-150x122.png 150w\" sizes=\"(max-width: 549px) 100vw, 549px\" \/><figcaption>Professor Anderso, Gustavo e o mestrando Paulo durante evento no M\u00e9xico <\/figcaption><\/figure>\n\n\n\n<p>Entre os dias <strong>14 e 22 de junho de 2025<\/strong>, a Universidade Estadual de Montes Claros (Unimontes) esteve representada no <strong>XX Encontro de Geografias da Am\u00e9rica Latina e Caribe (EGALC)<\/strong>, realizado na <strong>Universidade Nacional Aut\u00f4noma do M\u00e9xico (UNAM)<\/strong>, na Cidade do M\u00e9xico. Considerado o <strong>maior evento da \u00e1rea de Geografia do continente latino-americano<\/strong>, o EGALC re\u00fane pesquisadores e pesquisadoras desde sua primeira edi\u00e7\u00e3o, em 1987, promovendo interc\u00e2mbio cient\u00edfico e reflex\u00f5es cr\u00edticas sobre os territ\u00f3rios, povos e pol\u00edticas da regi\u00e3o.<\/p>\n\n\n\n<p>Participaram desta edi\u00e7\u00e3o os professores <strong>Anderson Bertholi<\/strong> e <strong>Gustavo Cepolini<\/strong>, vinculados ao <strong>Programa de P\u00f3s-Gradua\u00e7\u00e3o em Geografia (PPGEO\/Unimontes)<\/strong>, e o mestrando <strong>Paulo Ricardo Miranda<\/strong>, tamb\u00e9m do PPGEO.<\/p>\n\n\n\n<h3>Pesquisas apresentadas<\/h3>\n\n\n\n<p>Os trabalhos apresentados por docentes e discentes da Unimontes integraram quatro sess\u00f5es tem\u00e1ticas do evento:<\/p>\n\n\n\n<ul><li>\n<strong>\u201cVale do Jequitinhonha Mineiro: entre quilombos e l\u00edtio\u201d<\/strong>, de <strong>Anderson Bertholi<\/strong>;\n<\/li><li>\n<strong>\u201cGeografia Agr\u00e1ria nos livros did\u00e1ticos e manuais escolares: uma an\u00e1lise das representa\u00e7\u00f5es, discursos e desafios entre Brasil e Portugal\u201d<\/strong>, de <strong>Gustavo Cepolini<\/strong>;\n<\/li><li>\n<strong>\u201cConflitos territoriais e minera\u00e7\u00e3o em unidades de conserva\u00e7\u00e3o: um estudo sobre a sobreposi\u00e7\u00e3o de \u00e1reas miner\u00e1rias em Minas Gerais \u2013 Brasil\u201d<\/strong>, de <strong>Paulo Ricardo Miranda<\/strong> e <strong>Gustavo Cepolini<\/strong>;\n<\/li><li>\n<strong>\u201cA ambival\u00eancia do agroneg\u00f3cio no semi\u00e1rido de Minas Gerais\u201d<\/strong>, de <strong>Gustavo Cepolini<\/strong> e <strong>Gislene Quaresma Oliva<\/strong>, doutoranda no Programa de P\u00f3s-Gradua\u00e7\u00e3o em Desenvolvimento Social (PPGDS\/Unimontes).\n<\/li><\/ul>\n\n\n\n<p>As pesquisas s\u00e3o vinculadas ao <strong>N\u00facleo de Estudos e Pesquisas Regionais e Agr\u00e1rios (NEPRA)<\/strong>, e, no caso do professor Cepolini, tamb\u00e9m ao <strong>Centro Interdisciplinar de Ci\u00eancias Sociais da Universidade Nova de Lisboa<\/strong>, com apoio da <strong>FAPEMIG<\/strong>.<\/p>\n\n\n\n<h3>Participa\u00e7\u00e3o como conferencista<\/h3>\n\n\n\n<p>O professor <strong>Gustavo Cepolini<\/strong> tamb\u00e9m atuou como conferencista na mesa tem\u00e1tica <strong>\u201cLa Geograf\u00eda en las pol\u00edticas de educaci\u00f3n, ciencia y tecnolog\u00eda en Am\u00e9rica Latina\u201d<\/strong>, ao lado de representantes de pa\u00edses como Argentina, Chile, M\u00e9xico, Col\u00f4mbia e Rep\u00fablica Dominicana. Em sua fala, apresentou um panorama da p\u00f3s-gradua\u00e7\u00e3o em Geografia no Brasil, destacando os desafios do financiamento p\u00fablico para a produ\u00e7\u00e3o cient\u00edfica e a promo\u00e7\u00e3o da equidade territorial, com base em sua atua\u00e7\u00e3o na <strong>Associa\u00e7\u00e3o Nacional de P\u00f3s-Gradua\u00e7\u00e3o e Pesquisa em Geografia (ANPEGE)<\/strong> e em experi\u00eancias acumuladas em redes acad\u00eamicas internacionais.<\/p>\n\n\n\n<h3>Internacionaliza\u00e7\u00e3o e proje\u00e7\u00e3o do PPGEO<\/h3>\n\n\n\n<p>Segundo o professor Cepolini, a presen\u00e7a de representantes da Unimontes no XX EGALC tem papel estrat\u00e9gico no contexto do novo ciclo avaliativo da <strong>CAPES (2025-2028)<\/strong>, principalmente no que se refere aos indicadores de <strong>internacionaliza\u00e7\u00e3o, produ\u00e7\u00e3o qualificada e inser\u00e7\u00e3o acad\u00eamica<\/strong> dos programas de p\u00f3s-gradua\u00e7\u00e3o da universidade.<\/p>\n\n\n\n<blockquote class=\"wp-block-quote\"><p>\u201cParticipar do EGALC \u00e9, al\u00e9m de um reconhecimento acad\u00eamico, uma forma concreta de fortalecer os di\u00e1logos para futuras parcerias internacionais e de consolidar a presen\u00e7a do PPGEO e do PPGDS em redes de pesquisa de alcance global\u201d, destacou o professor Gustavo Cepolini.<\/p><\/blockquote>\n\n\n\n<h3>Pr\u00f3xima edi\u00e7\u00e3o<\/h3>\n\n\n\n<p>A <strong>21\u00aa edi\u00e7\u00e3o do EGALC<\/strong> j\u00e1 tem sede definida: ser\u00e1 realizada em <strong>2027<\/strong>, na cidade de <strong>Recife (PE)<\/strong>, sob organiza\u00e7\u00e3o da <strong>Universidade Federal de Pernambuco (UFPE)<\/strong>. O evento marcar\u00e1 os <strong>40 anos de hist\u00f3ria do Encontro<\/strong>, cuja primeira edi\u00e7\u00e3o foi realizada em 1987, em Rio Claro (SP).<\/p>\n","protected":false},"excerpt":{"rendered":"<p>Entre os dias 14 e 22 de junho de 2025, a Universidade Estadual de Montes Claros (Unimontes) esteve representada no XX Encontro de Geografias da Am\u00e9rica Latina e Caribe (EGALC), realizado na Universidade Nacional Aut\u00f4noma do M\u00e9xico (UNAM), na Cidade do M\u00e9xico. Considerado o maior evento da \u00e1rea de Geografia do continente latino-americano, o EGALC [&hellip;]<\/p>\n","protected":false},"author":4,"featured_media":0,"comment_status":"closed","ping_status":"closed","sticky":false,"template":"","format":"standard","meta":[],"categories":[1],"tags":[],"yoast_head":"<!-- This site is optimized with the Yoast SEO plugin v14.7 - https:\/\/yoast.com\/wordpress\/plugins\/seo\/ -->\n<title>PPGEO\/Unimontes marca presen\u00e7a no maior evento de Geografia da Am\u00e9rica Latina e Caribe -<\/title>\n<meta name=\"robots\" content=\"index, follow\" \/>\n<meta name=\"googlebot\" content=\"index, follow, max-snippet:-1, max-image-preview:large, max-video-preview:-1\" \/>\n<meta name=\"bingbot\" content=\"index, follow, max-snippet:-1, max-image-preview:large, max-video-preview:-1\" \/>\n<link rel=\"canonical\" href=\"https:\/\/www.posgraduacao.unimontes.br\/ppgeo\/2025\/07\/03\/ppgeo-unimontes-marca-presenca-no-maior-evento-de-geografia-da-america-latina-e-caribe\/\" \/>\n<meta property=\"og:locale\" content=\"pt_BR\" \/>\n<meta property=\"og:type\" content=\"article\" \/>\n<meta property=\"og:title\" content=\"PPGEO\/Unimontes marca presen\u00e7a no maior evento de Geografia da Am\u00e9rica Latina e Caribe -\" \/>\n<meta property=\"og:description\" content=\"Entre os dias 14 e 22 de junho de 2025, a Universidade Estadual de Montes Claros (Unimontes) esteve representada no XX Encontro de Geografias da Am\u00e9rica Latina e Caribe (EGALC), realizado na Universidade Nacional Aut\u00f4noma do M\u00e9xico (UNAM), na Cidade do M\u00e9xico. Considerado o maior evento da \u00e1rea de Geografia do continente latino-americano, o EGALC [&hellip;]\" \/>\n<meta property=\"og:url\" content=\"https:\/\/www.posgraduacao.unimontes.br\/ppgeo\/2025\/07\/03\/ppgeo-unimontes-marca-presenca-no-maior-evento-de-geografia-da-america-latina-e-caribe\/\" \/>\n<meta property=\"article:published_time\" content=\"2025-07-03T12:20:44+00:00\" \/>\n<meta property=\"article:modified_time\" content=\"2025-07-03T12:20:46+00:00\" \/>\n<meta property=\"og:image\" content=\"https:\/\/www.posgraduacao.unimontes.br\/uploads\/sites\/7\/2025\/07\/mexico-profs.png\" \/>\n<meta name=\"twitter:card\" content=\"summary_large_image\" \/>\n<script type=\"application\/ld+json\" class=\"yoast-schema-graph\">{\"@context\":\"https:\/\/schema.org\",\"@graph\":[{\"@type\":\"WebSite\",\"@id\":\"https:\/\/www.posgraduacao.unimontes.br\/ppgeo\/#website\",\"url\":\"https:\/\/www.posgraduacao.unimontes.br\/ppgeo\/\",\"name\":\"\",\"description\":\"\",\"potentialAction\":[{\"@type\":\"SearchAction\",\"target\":\"https:\/\/www.posgraduacao.unimontes.br\/ppgeo\/?s={search_term_string}\",\"query-input\":\"required name=search_term_string\"}],\"inLanguage\":\"pt-BR\"},{\"@type\":\"ImageObject\",\"@id\":\"https:\/\/www.posgraduacao.unimontes.br\/ppgeo\/2025\/07\/03\/ppgeo-unimontes-marca-presenca-no-maior-evento-de-geografia-da-america-latina-e-caribe\/#primaryimage\",\"inLanguage\":\"pt-BR\",\"url\":\"https:\/\/www.posgraduacao.unimontes.br\/uploads\/sites\/7\/2025\/07\/mexico-profs.png\"},{\"@type\":\"WebPage\",\"@id\":\"https:\/\/www.posgraduacao.unimontes.br\/ppgeo\/2025\/07\/03\/ppgeo-unimontes-marca-presenca-no-maior-evento-de-geografia-da-america-latina-e-caribe\/#webpage\",\"url\":\"https:\/\/www.posgraduacao.unimontes.br\/ppgeo\/2025\/07\/03\/ppgeo-unimontes-marca-presenca-no-maior-evento-de-geografia-da-america-latina-e-caribe\/\",\"name\":\"PPGEO\/Unimontes marca presen\\u00e7a no maior evento de Geografia da Am\\u00e9rica Latina e Caribe -\",\"isPartOf\":{\"@id\":\"https:\/\/www.posgraduacao.unimontes.br\/ppgeo\/#website\"},\"primaryImageOfPage\":{\"@id\":\"https:\/\/www.posgraduacao.unimontes.br\/ppgeo\/2025\/07\/03\/ppgeo-unimontes-marca-presenca-no-maior-evento-de-geografia-da-america-latina-e-caribe\/#primaryimage\"},\"datePublished\":\"2025-07-03T12:20:44+00:00\",\"dateModified\":\"2025-07-03T12:20:46+00:00\",\"author\":{\"@id\":\"https:\/\/www.posgraduacao.unimontes.br\/ppgeo\/#\/schema\/person\/50bc6a92ec81c0fe3505bad1d108fb5e\"},\"inLanguage\":\"pt-BR\",\"potentialAction\":[{\"@type\":\"ReadAction\",\"target\":[\"https:\/\/www.posgraduacao.unimontes.br\/ppgeo\/2025\/07\/03\/ppgeo-unimontes-marca-presenca-no-maior-evento-de-geografia-da-america-latina-e-caribe\/\"]}]},{\"@type\":[\"Person\"],\"@id\":\"https:\/\/www.posgraduacao.unimontes.br\/ppgeo\/#\/schema\/person\/50bc6a92ec81c0fe3505bad1d108fb5e\",\"name\":\"ppgeo\"}]}<\/script>\n<!-- \/ Yoast SEO plugin. -->","_links":{"self":[{"href":"https:\/\/www.posgraduacao.unimontes.br\/ppgeo\/wp-json\/wp\/v2\/posts\/3554"}],"collection":[{"href":"https:\/\/www.posgraduacao.unimontes.br\/ppgeo\/wp-json\/wp\/v2\/posts"}],"about":[{"href":"https:\/\/www.posgraduacao.unimontes.br\/ppgeo\/wp-json\/wp\/v2\/types\/post"}],"author":[{"embeddable":true,"href":"https:\/\/www.posgraduacao.unimontes.br\/ppgeo\/wp-json\/wp\/v2\/users\/4"}],"replies":[{"embeddable":true,"href":"https:\/\/www.posgraduacao.unimontes.br\/ppgeo\/wp-json\/wp\/v2\/comments?post=3554"}],"version-history":[{"count":1,"href":"https:\/\/www.posgraduacao.unimontes.br\/ppgeo\/wp-json\/wp\/v2\/posts\/3554\/revisions"}],"predecessor-version":[{"id":3556,"href":"https:\/\/www.posgraduacao.unimontes.br\/ppgeo\/wp-json\/wp\/v2\/posts\/3554\/revisions\/3556"}],"wp:attachment":[{"href":"https:\/\/www.posgraduacao.unimontes.br\/ppgeo\/wp-json\/wp\/v2\/media?parent=3554"}],"wp:term":[{"taxonomy":"category","embeddable":true,"href":"https:\/\/www.posgraduacao.unimontes.br\/ppgeo\/wp-json\/wp\/v2\/categories?post=3554"},{"taxonomy":"post_tag","embeddable":true,"href":"https:\/\/www.posgraduacao.unimontes.br\/ppgeo\/wp-json\/wp\/v2\/tags?post=3554"}],"curies":[{"name":"wp","href":"https:\/\/api.w.org\/{rel}","templated":true}]}}