{"id":3502,"date":"2025-04-25T16:46:50","date_gmt":"2025-04-25T19:46:50","guid":{"rendered":"https:\/\/www.posgraduacao.unimontes.br\/ppgeo\/?p=3502"},"modified":"2025-04-25T16:46:52","modified_gmt":"2025-04-25T19:46:52","slug":"mestrado-em-geografia-da-unimontes-tem-nova-coordenacao","status":"publish","type":"post","link":"https:\/\/www.posgraduacao.unimontes.br\/ppgeo\/2025\/04\/25\/mestrado-em-geografia-da-unimontes-tem-nova-coordenacao\/","title":{"rendered":"Mestrado em Geografia da Unimontes tem nova coordena\u00e7\u00e3o"},"content":{"rendered":"\n<figure class=\"wp-block-image size-large\"><img loading=\"lazy\" width=\"1024\" height=\"682\" src=\"https:\/\/www.posgraduacao.unimontes.br\/uploads\/sites\/7\/2025\/04\/WhatsApp-Image-2023-09-18-at-13.22.43-1024x682.jpg\" alt=\"\" class=\"wp-image-3503\" srcset=\"https:\/\/www.posgraduacao.unimontes.br\/uploads\/sites\/7\/2025\/04\/WhatsApp-Image-2023-09-18-at-13.22.43-1024x682.jpg 1024w, https:\/\/www.posgraduacao.unimontes.br\/uploads\/sites\/7\/2025\/04\/WhatsApp-Image-2023-09-18-at-13.22.43-300x200.jpg 300w, https:\/\/www.posgraduacao.unimontes.br\/uploads\/sites\/7\/2025\/04\/WhatsApp-Image-2023-09-18-at-13.22.43-150x100.jpg 150w, https:\/\/www.posgraduacao.unimontes.br\/uploads\/sites\/7\/2025\/04\/WhatsApp-Image-2023-09-18-at-13.22.43-768x512.jpg 768w, https:\/\/www.posgraduacao.unimontes.br\/uploads\/sites\/7\/2025\/04\/WhatsApp-Image-2023-09-18-at-13.22.43-272x182.jpg 272w, https:\/\/www.posgraduacao.unimontes.br\/uploads\/sites\/7\/2025\/04\/WhatsApp-Image-2023-09-18-at-13.22.43.jpg 1280w\" sizes=\"(max-width: 1024px) 100vw, 1024px\" \/><\/figure>\n\n\n\n<p>O Programa de P\u00f3s-Gradua\u00e7\u00e3o em Geografia (PPGEO) da Universidade Estadual de Montes Claros (Unimontes) inicia um novo ciclo sob a coordena\u00e7\u00e3o do <strong>professor Dr. Carlos Bortolo<\/strong>. A nomea\u00e7\u00e3o marca uma nova fase para o programa, que \u00e9 refer\u00eancia regional na forma\u00e7\u00e3o acad\u00eamica e na produ\u00e7\u00e3o cient\u00edfica voltada \u00e0s din\u00e2micas territoriais, urbanas e rurais do Norte de Minas Gerais.<\/p>\n\n\n\n<p>Docente do Departamento de Geoci\u00eancias da Unimontes, Carlos Bortolo tem atua\u00e7\u00e3o destacada nas \u00e1reas de ensino, pesquisa e extens\u00e3o, com \u00eanfase em <strong>Geografia Urbana e Produ\u00e7\u00e3o do Espa\u00e7o<\/strong>. Ao assumir a coordena\u00e7\u00e3o do PPGEO, ele refor\u00e7a o compromisso com a excel\u00eancia acad\u00eamica e com o fortalecimento das linhas de pesquisa voltadas \u00e0 realidade regional.<\/p>\n\n\n\n<p>\u201cNosso objetivo \u00e9\nconsolidar ainda mais o programa como espa\u00e7o de produ\u00e7\u00e3o cr\u00edtica do\nconhecimento geogr\u00e1fico, contribuindo com as demandas cient\u00edficas e sociais do\nterrit\u00f3rio em que estamos inseridos\u201d, afirma o novo coordenador.<\/p>\n\n\n\n<p><strong>Representantes discentes <\/strong><\/p>\n\n\n\n<p>A atual gest\u00e3o tamb\u00e9m contar\u00e1 com a participa\u00e7\u00e3o ativa dos representantes discentes <strong>Wesley Martins de Almeida e Rodrigo Vially Campos<\/strong>. Ambos os mestrandos t\u00eam se destacado pelo engajamento em atividades acad\u00eamicas e pela interlocu\u00e7\u00e3o entre os estudantes e a coordena\u00e7\u00e3o do programa.<\/p>\n\n\n\n<p>O PPGEO da Unimontes\n\u00e9 reconhecido pela CAPES com conceito 4 e re\u00fane pesquisas que dialogam com\nquest\u00f5es fundamentais como territ\u00f3rio, cultura, meio ambiente e as m\u00faltiplas\nformas de organiza\u00e7\u00e3o do espa\u00e7o. Com essa nova gest\u00e3o, o programa reafirma seu\ncompromisso com o desenvolvimento cient\u00edfico, acad\u00eamico e social da regi\u00e3o.<\/p>\n","protected":false},"excerpt":{"rendered":"<p>O Programa de P\u00f3s-Gradua\u00e7\u00e3o em Geografia (PPGEO) da Universidade Estadual de Montes Claros (Unimontes) inicia um novo ciclo sob a coordena\u00e7\u00e3o do professor Dr. Carlos Bortolo. A nomea\u00e7\u00e3o marca uma nova fase para o programa, que \u00e9 refer\u00eancia regional na forma\u00e7\u00e3o acad\u00eamica e na produ\u00e7\u00e3o cient\u00edfica voltada \u00e0s din\u00e2micas territoriais, urbanas e rurais do Norte [&hellip;]<\/p>\n","protected":false},"author":4,"featured_media":0,"comment_status":"closed","ping_status":"closed","sticky":false,"template":"","format":"standard","meta":[],"categories":[1],"tags":[],"yoast_head":"<!-- This site is optimized with the Yoast SEO plugin v14.7 - https:\/\/yoast.com\/wordpress\/plugins\/seo\/ -->\n<title>Mestrado em Geografia da Unimontes tem nova coordena\u00e7\u00e3o -<\/title>\n<meta name=\"robots\" content=\"index, follow\" \/>\n<meta name=\"googlebot\" content=\"index, follow, max-snippet:-1, max-image-preview:large, max-video-preview:-1\" \/>\n<meta name=\"bingbot\" content=\"index, follow, max-snippet:-1, max-image-preview:large, max-video-preview:-1\" \/>\n<link rel=\"canonical\" href=\"https:\/\/www.posgraduacao.unimontes.br\/ppgeo\/2025\/04\/25\/mestrado-em-geografia-da-unimontes-tem-nova-coordenacao\/\" \/>\n<meta property=\"og:locale\" content=\"pt_BR\" \/>\n<meta property=\"og:type\" content=\"article\" \/>\n<meta property=\"og:title\" content=\"Mestrado em Geografia da Unimontes tem nova coordena\u00e7\u00e3o -\" \/>\n<meta property=\"og:description\" content=\"O Programa de P\u00f3s-Gradua\u00e7\u00e3o em Geografia (PPGEO) da Universidade Estadual de Montes Claros (Unimontes) inicia um novo ciclo sob a coordena\u00e7\u00e3o do professor Dr. Carlos Bortolo. A nomea\u00e7\u00e3o marca uma nova fase para o programa, que \u00e9 refer\u00eancia regional na forma\u00e7\u00e3o acad\u00eamica e na produ\u00e7\u00e3o cient\u00edfica voltada \u00e0s din\u00e2micas territoriais, urbanas e rurais do Norte [&hellip;]\" \/>\n<meta property=\"og:url\" content=\"https:\/\/www.posgraduacao.unimontes.br\/ppgeo\/2025\/04\/25\/mestrado-em-geografia-da-unimontes-tem-nova-coordenacao\/\" \/>\n<meta property=\"article:published_time\" content=\"2025-04-25T19:46:50+00:00\" \/>\n<meta property=\"article:modified_time\" content=\"2025-04-25T19:46:52+00:00\" \/>\n<meta property=\"og:image\" content=\"https:\/\/www.posgraduacao.unimontes.br\/uploads\/sites\/7\/2025\/04\/WhatsApp-Image-2023-09-18-at-13.22.43-1024x682.jpg\" \/>\n<meta name=\"twitter:card\" content=\"summary_large_image\" \/>\n<script type=\"application\/ld+json\" class=\"yoast-schema-graph\">{\"@context\":\"https:\/\/schema.org\",\"@graph\":[{\"@type\":\"WebSite\",\"@id\":\"https:\/\/www.posgraduacao.unimontes.br\/ppgeo\/#website\",\"url\":\"https:\/\/www.posgraduacao.unimontes.br\/ppgeo\/\",\"name\":\"\",\"description\":\"\",\"potentialAction\":[{\"@type\":\"SearchAction\",\"target\":\"https:\/\/www.posgraduacao.unimontes.br\/ppgeo\/?s={search_term_string}\",\"query-input\":\"required name=search_term_string\"}],\"inLanguage\":\"pt-BR\"},{\"@type\":\"ImageObject\",\"@id\":\"https:\/\/www.posgraduacao.unimontes.br\/ppgeo\/2025\/04\/25\/mestrado-em-geografia-da-unimontes-tem-nova-coordenacao\/#primaryimage\",\"inLanguage\":\"pt-BR\",\"url\":\"https:\/\/www.posgraduacao.unimontes.br\/uploads\/sites\/7\/2025\/04\/WhatsApp-Image-2023-09-18-at-13.22.43-1024x682.jpg\"},{\"@type\":\"WebPage\",\"@id\":\"https:\/\/www.posgraduacao.unimontes.br\/ppgeo\/2025\/04\/25\/mestrado-em-geografia-da-unimontes-tem-nova-coordenacao\/#webpage\",\"url\":\"https:\/\/www.posgraduacao.unimontes.br\/ppgeo\/2025\/04\/25\/mestrado-em-geografia-da-unimontes-tem-nova-coordenacao\/\",\"name\":\"Mestrado em Geografia da Unimontes tem nova coordena\\u00e7\\u00e3o -\",\"isPartOf\":{\"@id\":\"https:\/\/www.posgraduacao.unimontes.br\/ppgeo\/#website\"},\"primaryImageOfPage\":{\"@id\":\"https:\/\/www.posgraduacao.unimontes.br\/ppgeo\/2025\/04\/25\/mestrado-em-geografia-da-unimontes-tem-nova-coordenacao\/#primaryimage\"},\"datePublished\":\"2025-04-25T19:46:50+00:00\",\"dateModified\":\"2025-04-25T19:46:52+00:00\",\"author\":{\"@id\":\"https:\/\/www.posgraduacao.unimontes.br\/ppgeo\/#\/schema\/person\/50bc6a92ec81c0fe3505bad1d108fb5e\"},\"inLanguage\":\"pt-BR\",\"potentialAction\":[{\"@type\":\"ReadAction\",\"target\":[\"https:\/\/www.posgraduacao.unimontes.br\/ppgeo\/2025\/04\/25\/mestrado-em-geografia-da-unimontes-tem-nova-coordenacao\/\"]}]},{\"@type\":[\"Person\"],\"@id\":\"https:\/\/www.posgraduacao.unimontes.br\/ppgeo\/#\/schema\/person\/50bc6a92ec81c0fe3505bad1d108fb5e\",\"name\":\"ppgeo\"}]}<\/script>\n<!-- \/ Yoast SEO plugin. -->","_links":{"self":[{"href":"https:\/\/www.posgraduacao.unimontes.br\/ppgeo\/wp-json\/wp\/v2\/posts\/3502"}],"collection":[{"href":"https:\/\/www.posgraduacao.unimontes.br\/ppgeo\/wp-json\/wp\/v2\/posts"}],"about":[{"href":"https:\/\/www.posgraduacao.unimontes.br\/ppgeo\/wp-json\/wp\/v2\/types\/post"}],"author":[{"embeddable":true,"href":"https:\/\/www.posgraduacao.unimontes.br\/ppgeo\/wp-json\/wp\/v2\/users\/4"}],"replies":[{"embeddable":true,"href":"https:\/\/www.posgraduacao.unimontes.br\/ppgeo\/wp-json\/wp\/v2\/comments?post=3502"}],"version-history":[{"count":1,"href":"https:\/\/www.posgraduacao.unimontes.br\/ppgeo\/wp-json\/wp\/v2\/posts\/3502\/revisions"}],"predecessor-version":[{"id":3504,"href":"https:\/\/www.posgraduacao.unimontes.br\/ppgeo\/wp-json\/wp\/v2\/posts\/3502\/revisions\/3504"}],"wp:attachment":[{"href":"https:\/\/www.posgraduacao.unimontes.br\/ppgeo\/wp-json\/wp\/v2\/media?parent=3502"}],"wp:term":[{"taxonomy":"category","embeddable":true,"href":"https:\/\/www.posgraduacao.unimontes.br\/ppgeo\/wp-json\/wp\/v2\/categories?post=3502"},{"taxonomy":"post_tag","embeddable":true,"href":"https:\/\/www.posgraduacao.unimontes.br\/ppgeo\/wp-json\/wp\/v2\/tags?post=3502"}],"curies":[{"name":"wp","href":"https:\/\/api.w.org\/{rel}","templated":true}]}}