{"id":3490,"date":"2025-04-09T11:10:26","date_gmt":"2025-04-09T14:10:26","guid":{"rendered":"https:\/\/www.posgraduacao.unimontes.br\/ppgeo\/?p=3490"},"modified":"2025-04-09T11:10:26","modified_gmt":"2025-04-09T14:10:26","slug":"reuniao-periodica-alinhamento-de-acoes-e-novidades-para-a-comunidade-academica","status":"publish","type":"post","link":"https:\/\/www.posgraduacao.unimontes.br\/ppgeo\/2025\/04\/09\/reuniao-periodica-alinhamento-de-acoes-e-novidades-para-a-comunidade-academica\/","title":{"rendered":"Reuni\u00e3o peri\u00f3dica: alinhamento de a\u00e7\u00f5es e novidades para a comunidade acad\u00eamica"},"content":{"rendered":"\n<figure class=\"wp-block-image size-large\"><img loading=\"lazy\" width=\"1024\" height=\"768\" src=\"https:\/\/www.posgraduacao.unimontes.br\/uploads\/sites\/7\/2025\/04\/ppgeo-reuni\u00e3o-1024x768.jpeg\" alt=\"\" class=\"wp-image-3491\" srcset=\"https:\/\/www.posgraduacao.unimontes.br\/uploads\/sites\/7\/2025\/04\/ppgeo-reuni\u00e3o-1024x768.jpeg 1024w, https:\/\/www.posgraduacao.unimontes.br\/uploads\/sites\/7\/2025\/04\/ppgeo-reuni\u00e3o-300x225.jpeg 300w, https:\/\/www.posgraduacao.unimontes.br\/uploads\/sites\/7\/2025\/04\/ppgeo-reuni\u00e3o-150x113.jpeg 150w, https:\/\/www.posgraduacao.unimontes.br\/uploads\/sites\/7\/2025\/04\/ppgeo-reuni\u00e3o-768x576.jpeg 768w, https:\/\/www.posgraduacao.unimontes.br\/uploads\/sites\/7\/2025\/04\/ppgeo-reuni\u00e3o-1536x1152.jpeg 1536w, https:\/\/www.posgraduacao.unimontes.br\/uploads\/sites\/7\/2025\/04\/ppgeo-reuni\u00e3o.jpeg 1600w\" sizes=\"(max-width: 1024px) 100vw, 1024px\" \/><figcaption>Reuni\u00e3o peri\u00f3dica de abril: debate pautas importantes do programa<\/figcaption><\/figure>\n\n\n\n<p>O <strong>Programa de P\u00f3s-Gradua\u00e7\u00e3o em Geografia (PPGEO)<\/strong> da Unimontes realizou, nesta segunda-feira (8), a reuni\u00e3o peri\u00f3dica entre a coordena\u00e7\u00e3o e os docentes do programa com o objetivo de alinhar diretrizes e apresentar novidades que impactam diretamente a comunidade acad\u00eamica.<\/p>\n\n\n\n<p>Durante o encontro,\nforam discutidos os relat\u00f3rios gerais do programa, bem como os requisitos\nacad\u00eamicos e as orienta\u00e7\u00f5es aos discentes. Tamb\u00e9m foi feita a apresenta\u00e7\u00e3o da\nnova representa\u00e7\u00e3o discente, fortalecendo a participa\u00e7\u00e3o dos estudantes nas\ndecis\u00f5es do programa.<\/p>\n\n\n\n<p>Entre os destaques\nda pauta, estiveram o lan\u00e7amento do edital do Doutorado em Geografia e a\ndiscuss\u00e3o do Regimento do curso de Doutorado, que est\u00e1 em fase de consolida\u00e7\u00e3o.\nTamb\u00e9m foram tratadas as diretrizes para os editais de disciplinas isoladas\n01\/2025 e a forma\u00e7\u00e3o da comiss\u00e3o respons\u00e1vel pelo pr\u00f3ximo processo seletivo do\nprograma.<\/p>\n\n\n\n<p>Outro ponto\nimportante foi o balan\u00e7o dos destaques do PPGEO na Plataforma Sucupira,\ndemonstrando o comprometimento com a excel\u00eancia acad\u00eamica e a avalia\u00e7\u00e3o\ninstitucional. A reuni\u00e3o tamb\u00e9m incluiu a apresenta\u00e7\u00e3o das propostas para a\nComunica\u00e7\u00e3o do programa, que visa fortalecer a divulga\u00e7\u00e3o cient\u00edfica e o\nrelacionamento com a comunidade interna e externa.<\/p>\n\n\n\n<p><strong>Fortalecimento cont\u00ednuo<\/strong><\/p>\n\n\n\n<p>A coordena\u00e7\u00e3o\ndestacou a import\u00e2ncia desses momentos de troca e alinhamento como fundamentais\npara o fortalecimento cont\u00ednuo do programa. As decis\u00f5es e encaminhamentos da\nreuni\u00e3o j\u00e1 est\u00e3o sendo implementados, com foco na melhoria da experi\u00eancia\nacad\u00eamica e na expans\u00e3o da atua\u00e7\u00e3o do PPGEO.<\/p>\n","protected":false},"excerpt":{"rendered":"<p>O Programa de P\u00f3s-Gradua\u00e7\u00e3o em Geografia (PPGEO) da Unimontes realizou, nesta segunda-feira (8), a reuni\u00e3o peri\u00f3dica entre a coordena\u00e7\u00e3o e os docentes do programa com o objetivo de alinhar diretrizes e apresentar novidades que impactam diretamente a comunidade acad\u00eamica. Durante o encontro, foram discutidos os relat\u00f3rios gerais do programa, bem como os requisitos acad\u00eamicos e [&hellip;]<\/p>\n","protected":false},"author":4,"featured_media":0,"comment_status":"closed","ping_status":"closed","sticky":false,"template":"","format":"standard","meta":[],"categories":[1],"tags":[],"yoast_head":"<!-- This site is optimized with the Yoast SEO plugin v14.7 - https:\/\/yoast.com\/wordpress\/plugins\/seo\/ -->\n<title>Reuni\u00e3o peri\u00f3dica: alinhamento de a\u00e7\u00f5es e novidades para a comunidade acad\u00eamica -<\/title>\n<meta name=\"robots\" content=\"index, follow\" \/>\n<meta name=\"googlebot\" content=\"index, follow, max-snippet:-1, max-image-preview:large, max-video-preview:-1\" \/>\n<meta name=\"bingbot\" content=\"index, follow, max-snippet:-1, max-image-preview:large, max-video-preview:-1\" \/>\n<link rel=\"canonical\" href=\"https:\/\/www.posgraduacao.unimontes.br\/ppgeo\/2025\/04\/09\/reuniao-periodica-alinhamento-de-acoes-e-novidades-para-a-comunidade-academica\/\" \/>\n<meta property=\"og:locale\" content=\"pt_BR\" \/>\n<meta property=\"og:type\" content=\"article\" \/>\n<meta property=\"og:title\" content=\"Reuni\u00e3o peri\u00f3dica: alinhamento de a\u00e7\u00f5es e novidades para a comunidade acad\u00eamica -\" \/>\n<meta property=\"og:description\" content=\"O Programa de P\u00f3s-Gradua\u00e7\u00e3o em Geografia (PPGEO) da Unimontes realizou, nesta segunda-feira (8), a reuni\u00e3o peri\u00f3dica entre a coordena\u00e7\u00e3o e os docentes do programa com o objetivo de alinhar diretrizes e apresentar novidades que impactam diretamente a comunidade acad\u00eamica. Durante o encontro, foram discutidos os relat\u00f3rios gerais do programa, bem como os requisitos acad\u00eamicos e [&hellip;]\" \/>\n<meta property=\"og:url\" content=\"https:\/\/www.posgraduacao.unimontes.br\/ppgeo\/2025\/04\/09\/reuniao-periodica-alinhamento-de-acoes-e-novidades-para-a-comunidade-academica\/\" \/>\n<meta property=\"article:published_time\" content=\"2025-04-09T14:10:26+00:00\" \/>\n<meta property=\"og:image\" content=\"https:\/\/www.posgraduacao.unimontes.br\/uploads\/sites\/7\/2025\/04\/ppgeo-reuni\u00e3o-1024x768.jpeg\" \/>\n<meta name=\"twitter:card\" content=\"summary_large_image\" \/>\n<script type=\"application\/ld+json\" class=\"yoast-schema-graph\">{\"@context\":\"https:\/\/schema.org\",\"@graph\":[{\"@type\":\"WebSite\",\"@id\":\"https:\/\/www.posgraduacao.unimontes.br\/ppgeo\/#website\",\"url\":\"https:\/\/www.posgraduacao.unimontes.br\/ppgeo\/\",\"name\":\"\",\"description\":\"\",\"potentialAction\":[{\"@type\":\"SearchAction\",\"target\":\"https:\/\/www.posgraduacao.unimontes.br\/ppgeo\/?s={search_term_string}\",\"query-input\":\"required name=search_term_string\"}],\"inLanguage\":\"pt-BR\"},{\"@type\":\"ImageObject\",\"@id\":\"https:\/\/www.posgraduacao.unimontes.br\/ppgeo\/2025\/04\/09\/reuniao-periodica-alinhamento-de-acoes-e-novidades-para-a-comunidade-academica\/#primaryimage\",\"inLanguage\":\"pt-BR\",\"url\":\"https:\/\/www.posgraduacao.unimontes.br\/uploads\/sites\/7\/2025\/04\/ppgeo-reuni\\u00e3o-1024x768.jpeg\"},{\"@type\":\"WebPage\",\"@id\":\"https:\/\/www.posgraduacao.unimontes.br\/ppgeo\/2025\/04\/09\/reuniao-periodica-alinhamento-de-acoes-e-novidades-para-a-comunidade-academica\/#webpage\",\"url\":\"https:\/\/www.posgraduacao.unimontes.br\/ppgeo\/2025\/04\/09\/reuniao-periodica-alinhamento-de-acoes-e-novidades-para-a-comunidade-academica\/\",\"name\":\"Reuni\\u00e3o peri\\u00f3dica: alinhamento de a\\u00e7\\u00f5es e novidades para a comunidade acad\\u00eamica -\",\"isPartOf\":{\"@id\":\"https:\/\/www.posgraduacao.unimontes.br\/ppgeo\/#website\"},\"primaryImageOfPage\":{\"@id\":\"https:\/\/www.posgraduacao.unimontes.br\/ppgeo\/2025\/04\/09\/reuniao-periodica-alinhamento-de-acoes-e-novidades-para-a-comunidade-academica\/#primaryimage\"},\"datePublished\":\"2025-04-09T14:10:26+00:00\",\"dateModified\":\"2025-04-09T14:10:26+00:00\",\"author\":{\"@id\":\"https:\/\/www.posgraduacao.unimontes.br\/ppgeo\/#\/schema\/person\/50bc6a92ec81c0fe3505bad1d108fb5e\"},\"inLanguage\":\"pt-BR\",\"potentialAction\":[{\"@type\":\"ReadAction\",\"target\":[\"https:\/\/www.posgraduacao.unimontes.br\/ppgeo\/2025\/04\/09\/reuniao-periodica-alinhamento-de-acoes-e-novidades-para-a-comunidade-academica\/\"]}]},{\"@type\":[\"Person\"],\"@id\":\"https:\/\/www.posgraduacao.unimontes.br\/ppgeo\/#\/schema\/person\/50bc6a92ec81c0fe3505bad1d108fb5e\",\"name\":\"ppgeo\"}]}<\/script>\n<!-- \/ Yoast SEO plugin. -->","_links":{"self":[{"href":"https:\/\/www.posgraduacao.unimontes.br\/ppgeo\/wp-json\/wp\/v2\/posts\/3490"}],"collection":[{"href":"https:\/\/www.posgraduacao.unimontes.br\/ppgeo\/wp-json\/wp\/v2\/posts"}],"about":[{"href":"https:\/\/www.posgraduacao.unimontes.br\/ppgeo\/wp-json\/wp\/v2\/types\/post"}],"author":[{"embeddable":true,"href":"https:\/\/www.posgraduacao.unimontes.br\/ppgeo\/wp-json\/wp\/v2\/users\/4"}],"replies":[{"embeddable":true,"href":"https:\/\/www.posgraduacao.unimontes.br\/ppgeo\/wp-json\/wp\/v2\/comments?post=3490"}],"version-history":[{"count":2,"href":"https:\/\/www.posgraduacao.unimontes.br\/ppgeo\/wp-json\/wp\/v2\/posts\/3490\/revisions"}],"predecessor-version":[{"id":3493,"href":"https:\/\/www.posgraduacao.unimontes.br\/ppgeo\/wp-json\/wp\/v2\/posts\/3490\/revisions\/3493"}],"wp:attachment":[{"href":"https:\/\/www.posgraduacao.unimontes.br\/ppgeo\/wp-json\/wp\/v2\/media?parent=3490"}],"wp:term":[{"taxonomy":"category","embeddable":true,"href":"https:\/\/www.posgraduacao.unimontes.br\/ppgeo\/wp-json\/wp\/v2\/categories?post=3490"},{"taxonomy":"post_tag","embeddable":true,"href":"https:\/\/www.posgraduacao.unimontes.br\/ppgeo\/wp-json\/wp\/v2\/tags?post=3490"}],"curies":[{"name":"wp","href":"https:\/\/api.w.org\/{rel}","templated":true}]}}