{"id":3391,"date":"2024-07-11T20:18:05","date_gmt":"2024-07-11T23:18:05","guid":{"rendered":"https:\/\/www.posgraduacao.unimontes.br\/ppgeo\/?p=3391"},"modified":"2024-07-11T20:21:53","modified_gmt":"2024-07-11T23:21:53","slug":"participacao-de-professores-e-estudantes-da-unimontes-no-viii-congresso-brasileiro-de-geografos","status":"publish","type":"post","link":"https:\/\/www.posgraduacao.unimontes.br\/ppgeo\/2024\/07\/11\/participacao-de-professores-e-estudantes-da-unimontes-no-viii-congresso-brasileiro-de-geografos\/","title":{"rendered":"Participa\u00e7\u00e3o de Professores e Estudantes da Unimontes no VIII Congresso Brasileiro de Ge\u00f3grafos"},"content":{"rendered":"<section class=\"kc-elm kc-css-114658 kc_row\"><div class=\"kc-row-container  kc-container\"><div class=\"kc-wrap-columns\"><div class=\"kc-elm kc-css-442029 kc_col-sm-6 kc_column kc_col-sm-6\"><div class=\"kc-col-container\"><div class=\"kc-elm kc-css-206084\">\n\t<div class=\"kc-carousel_images kc-elm kc-css-206084\">\n\t\n\t\t<div class=\"kc-carousel-images owl-carousel-images kc-sync1  owl-nav-round\" data-owl-i-options='{\"items\":\"1\",\"tablet\":\"2\",\"mobile\":\"1\",\"speed\":\"500\",\"navigation\":\"yes\",\"pagination\":\"yes\",\"autoheight\":\"\",\"progressbar\":\"\",\"delay\":\"8\",\"autoplay\":\"yes\",\"showthumb\":\"\",\"num_thumb\":\"5\"}'>\n\t\n\t\t\t\t\t<div class=\"item\">\n\t\n\t\t\t\t\t\t\t<img src=\"https:\/\/www.posgraduacao.unimontes.br\/uploads\/sites\/7\/2024\/07\/WhatsApp-Image-2024-07-11-at-15.07.13.jpeg\"  alt=\"\"\/>\n\t\n\t\t\t\t\n\t\t\t<\/div>\n\t\n\t\t\t\t\t<div class=\"item\">\n\t\n\t\t\t\t\t\t\t<img src=\"https:\/\/www.posgraduacao.unimontes.br\/uploads\/sites\/7\/2024\/07\/ttt.jpg\"  alt=\"\"\/>\n\t\n\t\t\t\t\n\t\t\t<\/div>\n\t\n\t\t\t\n\t\t<\/div>\n\t\n\t\t\t<\/div>\n<\/div>\n<\/div><\/div><div class=\"kc-elm kc-css-199434 kc_col-sm-6 kc_column kc_col-sm-6\"><div class=\"kc-col-container\"><div class=\"kc-elm kc-css-384428 kc_text_block\"><p><b>Professores e estudantes do mestrado do Programa de P\u00f3s-Gradua\u00e7\u00e3o em Geografia (PPGEO) da Universidade Estadual de Montes Claros (Unimontes), juntamente com alunos do curso de Geografia, participaram do VIII Congresso Brasileiro de Ge\u00f3grafos, intitulado &#8220;AGB 90 Anos: geo-grafando para construir o Brasil\".<\/b><\/p>\n<p><b>O Congresso Brasileiro de Ge\u00f3grafos \u00e9 realizado desde 1954 a cada dez anos e, ao longo dos \u00faltimos 70 anos, a Associa\u00e7\u00e3o dos Ge\u00f3grafos Brasileiros (AGB) organizou sete edi\u00e7\u00f5es em diversas cidades: Ribeir\u00e3o Preto\/SP (1954), Rio de Janeiro\/RJ (1965), Bel\u00e9m\/PA (1974), S\u00e3o Paulo\/SP (1984), Curitiba\/PR (1994), Goi\u00e2nia\/GO (2004) e Vit\u00f3ria\/ES (2014). Este evento se destaca por sua ampla mobiliza\u00e7\u00e3o da comunidade cient\u00edfica, a presen\u00e7a de diversos temas e debates importantes da ci\u00eancia geogr\u00e1fica, al\u00e9m de desempenhar um papel crucial na afirma\u00e7\u00e3o e conforma\u00e7\u00e3o da identidade da ci\u00eancia geogr\u00e1fica no Brasil.<\/b><\/p>\n<p><b>A oitava edi\u00e7\u00e3o do Congresso, realizada em 2024, comemorou os 90 anos da AGB, o mesmo tempo de exist\u00eancia do primeiro curso superior de forma\u00e7\u00e3o em Geografia no Brasil, e os 70 anos do pr\u00f3prio Congresso Brasileiro de Ge\u00f3grafos. Inspirado pelos ensinamentos do professor Carlos Walter Porto-Gon\u00e7alves, o evento homenageou esse importante intelectual e militante, destacando a import\u00e2ncia da Geografia na compreens\u00e3o do cont\u00ednuo processo de constru\u00e7\u00e3o do Brasil em suas diversas geo-grafias.<\/b><\/p>\n<p><b>Al\u00e9m de celebrar a hist\u00f3ria e as contribui\u00e7\u00f5es da AGB e da Geografia, o VIII CBG tamb\u00e9m prop\u00f4s um necess\u00e1rio balan\u00e7o da situa\u00e7\u00e3o atual da Geografia brasileira, da Associa\u00e7\u00e3o dos Ge\u00f3grafos Brasileiros e do pr\u00f3prio pa\u00eds, considerando a an\u00e1lise da conjuntura nacional e as pautas de lutas da Geografia e da AGB.<\/b><\/p>\n<\/div><\/div><\/div><\/div><\/div><\/section>\n","protected":false},"excerpt":{"rendered":"","protected":false},"author":4,"featured_media":0,"comment_status":"closed","ping_status":"closed","sticky":false,"template":"","format":"standard","meta":[],"categories":[1],"tags":[],"yoast_head":"<!-- This site is optimized with the Yoast SEO plugin v14.7 - https:\/\/yoast.com\/wordpress\/plugins\/seo\/ -->\n<title>Participa\u00e7\u00e3o de Professores e Estudantes da Unimontes no VIII Congresso Brasileiro de Ge\u00f3grafos -<\/title>\n<meta name=\"robots\" content=\"index, follow\" \/>\n<meta name=\"googlebot\" content=\"index, follow, max-snippet:-1, max-image-preview:large, max-video-preview:-1\" \/>\n<meta name=\"bingbot\" content=\"index, follow, max-snippet:-1, max-image-preview:large, max-video-preview:-1\" \/>\n<link rel=\"canonical\" href=\"https:\/\/www.posgraduacao.unimontes.br\/ppgeo\/2024\/07\/11\/participacao-de-professores-e-estudantes-da-unimontes-no-viii-congresso-brasileiro-de-geografos\/\" \/>\n<meta property=\"og:locale\" content=\"pt_BR\" \/>\n<meta property=\"og:type\" content=\"article\" \/>\n<meta property=\"og:title\" content=\"Participa\u00e7\u00e3o de Professores e Estudantes da Unimontes no VIII Congresso Brasileiro de Ge\u00f3grafos -\" \/>\n<meta property=\"og:description\" content=\"Professores e estudantes do mestrado do Programa de P\u00f3s-Gradua\u00e7\u00e3o em Geografia (PPGEO) da Universidade Estadual de Montes Claros (Unimontes), juntamente com alunos do curso de Geografia, participaram do VIII Congresso Brasileiro de Ge\u00f3grafos, intitulado &#8220;AGB 90 Anos: geo-grafando para construir o Brasil&#8221;. O Congresso Brasileiro de Ge\u00f3grafos \u00e9 realizado desde 1954 a cada dez anos [&hellip;]\" \/>\n<meta property=\"og:url\" content=\"https:\/\/www.posgraduacao.unimontes.br\/ppgeo\/2024\/07\/11\/participacao-de-professores-e-estudantes-da-unimontes-no-viii-congresso-brasileiro-de-geografos\/\" \/>\n<meta property=\"article:published_time\" content=\"2024-07-11T23:18:05+00:00\" \/>\n<meta property=\"article:modified_time\" content=\"2024-07-11T23:21:53+00:00\" \/>\n<meta property=\"og:image\" content=\"http:\/\/www.posgraduacao.unimontes.br\/uploads\/sites\/7\/2024\/07\/WhatsApp-Image-2024-07-11-at-15.07.13.jpeg\" \/>\n<meta name=\"twitter:card\" content=\"summary_large_image\" \/>\n<script type=\"application\/ld+json\" class=\"yoast-schema-graph\">{\"@context\":\"https:\/\/schema.org\",\"@graph\":[{\"@type\":\"WebSite\",\"@id\":\"https:\/\/www.posgraduacao.unimontes.br\/ppgeo\/#website\",\"url\":\"https:\/\/www.posgraduacao.unimontes.br\/ppgeo\/\",\"name\":\"\",\"description\":\"\",\"potentialAction\":[{\"@type\":\"SearchAction\",\"target\":\"https:\/\/www.posgraduacao.unimontes.br\/ppgeo\/?s={search_term_string}\",\"query-input\":\"required name=search_term_string\"}],\"inLanguage\":\"pt-BR\"},{\"@type\":\"ImageObject\",\"@id\":\"https:\/\/www.posgraduacao.unimontes.br\/ppgeo\/2024\/07\/11\/participacao-de-professores-e-estudantes-da-unimontes-no-viii-congresso-brasileiro-de-geografos\/#primaryimage\",\"inLanguage\":\"pt-BR\",\"url\":\"http:\/\/www.posgraduacao.unimontes.br\/uploads\/sites\/7\/2024\/07\/WhatsApp-Image-2024-07-11-at-15.07.13.jpeg\"},{\"@type\":\"WebPage\",\"@id\":\"https:\/\/www.posgraduacao.unimontes.br\/ppgeo\/2024\/07\/11\/participacao-de-professores-e-estudantes-da-unimontes-no-viii-congresso-brasileiro-de-geografos\/#webpage\",\"url\":\"https:\/\/www.posgraduacao.unimontes.br\/ppgeo\/2024\/07\/11\/participacao-de-professores-e-estudantes-da-unimontes-no-viii-congresso-brasileiro-de-geografos\/\",\"name\":\"Participa\\u00e7\\u00e3o de Professores e Estudantes da Unimontes no VIII Congresso Brasileiro de Ge\\u00f3grafos -\",\"isPartOf\":{\"@id\":\"https:\/\/www.posgraduacao.unimontes.br\/ppgeo\/#website\"},\"primaryImageOfPage\":{\"@id\":\"https:\/\/www.posgraduacao.unimontes.br\/ppgeo\/2024\/07\/11\/participacao-de-professores-e-estudantes-da-unimontes-no-viii-congresso-brasileiro-de-geografos\/#primaryimage\"},\"datePublished\":\"2024-07-11T23:18:05+00:00\",\"dateModified\":\"2024-07-11T23:21:53+00:00\",\"author\":{\"@id\":\"https:\/\/www.posgraduacao.unimontes.br\/ppgeo\/#\/schema\/person\/50bc6a92ec81c0fe3505bad1d108fb5e\"},\"inLanguage\":\"pt-BR\",\"potentialAction\":[{\"@type\":\"ReadAction\",\"target\":[\"https:\/\/www.posgraduacao.unimontes.br\/ppgeo\/2024\/07\/11\/participacao-de-professores-e-estudantes-da-unimontes-no-viii-congresso-brasileiro-de-geografos\/\"]}]},{\"@type\":[\"Person\"],\"@id\":\"https:\/\/www.posgraduacao.unimontes.br\/ppgeo\/#\/schema\/person\/50bc6a92ec81c0fe3505bad1d108fb5e\",\"name\":\"ppgeo\"}]}<\/script>\n<!-- \/ Yoast SEO plugin. -->","_links":{"self":[{"href":"https:\/\/www.posgraduacao.unimontes.br\/ppgeo\/wp-json\/wp\/v2\/posts\/3391"}],"collection":[{"href":"https:\/\/www.posgraduacao.unimontes.br\/ppgeo\/wp-json\/wp\/v2\/posts"}],"about":[{"href":"https:\/\/www.posgraduacao.unimontes.br\/ppgeo\/wp-json\/wp\/v2\/types\/post"}],"author":[{"embeddable":true,"href":"https:\/\/www.posgraduacao.unimontes.br\/ppgeo\/wp-json\/wp\/v2\/users\/4"}],"replies":[{"embeddable":true,"href":"https:\/\/www.posgraduacao.unimontes.br\/ppgeo\/wp-json\/wp\/v2\/comments?post=3391"}],"version-history":[{"count":4,"href":"https:\/\/www.posgraduacao.unimontes.br\/ppgeo\/wp-json\/wp\/v2\/posts\/3391\/revisions"}],"predecessor-version":[{"id":3397,"href":"https:\/\/www.posgraduacao.unimontes.br\/ppgeo\/wp-json\/wp\/v2\/posts\/3391\/revisions\/3397"}],"wp:attachment":[{"href":"https:\/\/www.posgraduacao.unimontes.br\/ppgeo\/wp-json\/wp\/v2\/media?parent=3391"}],"wp:term":[{"taxonomy":"category","embeddable":true,"href":"https:\/\/www.posgraduacao.unimontes.br\/ppgeo\/wp-json\/wp\/v2\/categories?post=3391"},{"taxonomy":"post_tag","embeddable":true,"href":"https:\/\/www.posgraduacao.unimontes.br\/ppgeo\/wp-json\/wp\/v2\/tags?post=3391"}],"curies":[{"name":"wp","href":"https:\/\/api.w.org\/{rel}","templated":true}]}}