{"id":3380,"date":"2024-05-21T20:49:43","date_gmt":"2024-05-21T23:49:43","guid":{"rendered":"https:\/\/www.posgraduacao.unimontes.br\/ppgeo\/?p=3380"},"modified":"2024-05-21T20:56:59","modified_gmt":"2024-05-21T23:56:59","slug":"enger-encontro-nacional-de-geografia","status":"publish","type":"post","link":"https:\/\/www.posgraduacao.unimontes.br\/ppgeo\/2024\/05\/21\/enger-encontro-nacional-de-geografia\/","title":{"rendered":"ENGeR &#8211; Encontro Nacional de Geografia"},"content":{"rendered":"<section class=\"kc-elm kc-css-252757 kc_row\"><div class=\"kc-row-container  kc-container\"><div class=\"kc-wrap-columns\"><div class=\"kc-elm kc-css-899691 kc_col-sm-12 kc_column kc_col-sm-12\"><div class=\"kc-col-container\"><div class=\"kc-elm kc-css-701736 kc_text_block\"><p>\n<strong> <img loading=\"lazy\" class=\"alignleft\" src=\"http:\/\/www.posgraduacao.unimontes.br\/uploads\/sites\/7\/2024\/05\/Engeo.jpg\" alt=\"\" width=\"468\" height=\"468\" \/>ENGeR &#8211; Encontro Nacional de Geografia<\/strong><\/p>\n<p>Estamos anunciando que dois dos eventos acad\u00eamicos, o<strong> Encontro Regional de Geografia<\/strong> e o <strong>Col\u00f3quio Cidade e Regi\u00e3o<\/strong>, uniram for\u00e7as para criar o <strong>ENGeR &#8211; Encontro Nacional de Geografia!<\/strong><\/p>\n<p>Esta fus\u00e3o surge em um momento especial, celebrando os 60 anos do Curso de Geografia. Comemoramos esta marca com uma nova edi\u00e7\u00e3o de um evento que promete enriquecer ainda mais nossa comunidade acad\u00eamica e cient\u00edfica.<\/p>\n<p><strong>Primeira Edi\u00e7\u00e3o: &#8220;Perspectivas Globais na Regi\u00e3o\"<\/strong><\/p>\n<p>Nesta primeira edi\u00e7\u00e3o do ENGeR, abordaremos o tema &#8220;Perspectivas globais na regi\u00e3o\". Ser\u00e3o dias de debates, apresenta\u00e7\u00f5es de pesquisas e troca de experi\u00eancias entre estudantes, professores e profissionais da \u00e1rea de Geografia.<\/p>\n<p>N\u00e3o perca esta oportunidade de expandir seus conhecimentos, discutir ideias e colaborar com colegas de todo o pa\u00eds. \u00c9 um evento feito para quem \u00e9 apaixonado por Geografia e quer fazer a diferen\u00e7a em sua \u00e1rea de atua\u00e7\u00e3o.<\/p>\n<p>### Detalhes do Evento<\/p>\n<p>\ud83d\uddd3 D<strong>ata:<\/strong> 05 a 08 de junho<br \/>\n\ud83d\udccd <strong>Local:<\/strong> Evento online<br \/>\n\ud83d\udd17 Link para inscri\u00e7\u00e3o: <strong>[<a href=\"https:\/\/www.even3.com.br\/i-encontro-nacional-de-geografia-a-geografia-regional-enger-perspectivas-globais-na-regiao-442720\/\" target=\"_blank\" rel=\"noopener\">Clique aqui para se inscrever<\/a><\/strong>]<\/p>\n<p>(<a href=\"https:\/\/www.even3.com.br\/i-encontro-nacional-de-geografia-a-geografia-regional-enger-perspectivas-globais-na-regiao-442720\/\">https:\/\/www.even3.com.br\/i-encontro-nacional-de-geografia-a-geografia-regional-enger-perspectivas-globais-na-regiao-442720\/<\/a>)<\/p>\n<p>Marque na sua agenda e prepare-se para um evento cheio de conhecimento! N\u00e3o deixe de se inscrever e garantir sua participa\u00e7\u00e3o. Vamos celebrar juntos os 60 anos do Curso de Geografia com muita troca de conhecimento e networking. Esperamos por voc\u00ea! \ud83d\ude0a<\/p>\n<p>&#8212;<\/p>\n<p>Se precisar de mais informa\u00e7\u00f5es, n\u00e3o hesite em contara a organiza\u00e7\u00e3o do Evento. At\u00e9 l\u00e1, continuamos trabalhando para proporcionar uma experi\u00eancia produtiva para todos os participantes do ENGeR.<\/p>\n<\/div><\/div><\/div><\/div><\/div><\/section>\n","protected":false},"excerpt":{"rendered":"","protected":false},"author":4,"featured_media":0,"comment_status":"closed","ping_status":"closed","sticky":false,"template":"","format":"standard","meta":[],"categories":[1],"tags":[],"yoast_head":"<!-- This site is optimized with the Yoast SEO plugin v14.7 - https:\/\/yoast.com\/wordpress\/plugins\/seo\/ -->\n<title>ENGeR - Encontro Nacional de Geografia -<\/title>\n<meta name=\"robots\" content=\"index, follow\" \/>\n<meta name=\"googlebot\" content=\"index, follow, max-snippet:-1, max-image-preview:large, max-video-preview:-1\" \/>\n<meta name=\"bingbot\" content=\"index, follow, max-snippet:-1, max-image-preview:large, max-video-preview:-1\" \/>\n<link rel=\"canonical\" href=\"https:\/\/www.posgraduacao.unimontes.br\/ppgeo\/2024\/05\/21\/enger-encontro-nacional-de-geografia\/\" \/>\n<meta property=\"og:locale\" content=\"pt_BR\" \/>\n<meta property=\"og:type\" content=\"article\" \/>\n<meta property=\"og:title\" content=\"ENGeR - Encontro Nacional de Geografia -\" \/>\n<meta property=\"og:description\" content=\"ENGeR &#8211; Encontro Nacional de Geografia Estamos anunciando que dois dos eventos acad\u00eamicos, o Encontro Regional de Geografia e o Col\u00f3quio Cidade e Regi\u00e3o, uniram for\u00e7as para criar o ENGeR &#8211; Encontro Nacional de Geografia! Esta fus\u00e3o surge em um momento especial, celebrando os 60 anos do Curso de Geografia. Comemoramos esta marca com uma [&hellip;]\" \/>\n<meta property=\"og:url\" content=\"https:\/\/www.posgraduacao.unimontes.br\/ppgeo\/2024\/05\/21\/enger-encontro-nacional-de-geografia\/\" \/>\n<meta property=\"article:published_time\" content=\"2024-05-21T23:49:43+00:00\" \/>\n<meta property=\"article:modified_time\" content=\"2024-05-21T23:56:59+00:00\" \/>\n<meta property=\"og:image\" content=\"http:\/\/www.posgraduacao.unimontes.br\/uploads\/sites\/7\/2024\/05\/Engeo.jpg\" \/>\n<meta name=\"twitter:card\" content=\"summary_large_image\" \/>\n<script type=\"application\/ld+json\" class=\"yoast-schema-graph\">{\"@context\":\"https:\/\/schema.org\",\"@graph\":[{\"@type\":\"WebSite\",\"@id\":\"https:\/\/www.posgraduacao.unimontes.br\/ppgeo\/#website\",\"url\":\"https:\/\/www.posgraduacao.unimontes.br\/ppgeo\/\",\"name\":\"\",\"description\":\"\",\"potentialAction\":[{\"@type\":\"SearchAction\",\"target\":\"https:\/\/www.posgraduacao.unimontes.br\/ppgeo\/?s={search_term_string}\",\"query-input\":\"required name=search_term_string\"}],\"inLanguage\":\"pt-BR\"},{\"@type\":\"ImageObject\",\"@id\":\"https:\/\/www.posgraduacao.unimontes.br\/ppgeo\/2024\/05\/21\/enger-encontro-nacional-de-geografia\/#primaryimage\",\"inLanguage\":\"pt-BR\",\"url\":\"http:\/\/www.posgraduacao.unimontes.br\/uploads\/sites\/7\/2024\/05\/Engeo.jpg\"},{\"@type\":\"WebPage\",\"@id\":\"https:\/\/www.posgraduacao.unimontes.br\/ppgeo\/2024\/05\/21\/enger-encontro-nacional-de-geografia\/#webpage\",\"url\":\"https:\/\/www.posgraduacao.unimontes.br\/ppgeo\/2024\/05\/21\/enger-encontro-nacional-de-geografia\/\",\"name\":\"ENGeR - Encontro Nacional de Geografia -\",\"isPartOf\":{\"@id\":\"https:\/\/www.posgraduacao.unimontes.br\/ppgeo\/#website\"},\"primaryImageOfPage\":{\"@id\":\"https:\/\/www.posgraduacao.unimontes.br\/ppgeo\/2024\/05\/21\/enger-encontro-nacional-de-geografia\/#primaryimage\"},\"datePublished\":\"2024-05-21T23:49:43+00:00\",\"dateModified\":\"2024-05-21T23:56:59+00:00\",\"author\":{\"@id\":\"https:\/\/www.posgraduacao.unimontes.br\/ppgeo\/#\/schema\/person\/50bc6a92ec81c0fe3505bad1d108fb5e\"},\"inLanguage\":\"pt-BR\",\"potentialAction\":[{\"@type\":\"ReadAction\",\"target\":[\"https:\/\/www.posgraduacao.unimontes.br\/ppgeo\/2024\/05\/21\/enger-encontro-nacional-de-geografia\/\"]}]},{\"@type\":[\"Person\"],\"@id\":\"https:\/\/www.posgraduacao.unimontes.br\/ppgeo\/#\/schema\/person\/50bc6a92ec81c0fe3505bad1d108fb5e\",\"name\":\"ppgeo\"}]}<\/script>\n<!-- \/ Yoast SEO plugin. -->","_links":{"self":[{"href":"https:\/\/www.posgraduacao.unimontes.br\/ppgeo\/wp-json\/wp\/v2\/posts\/3380"}],"collection":[{"href":"https:\/\/www.posgraduacao.unimontes.br\/ppgeo\/wp-json\/wp\/v2\/posts"}],"about":[{"href":"https:\/\/www.posgraduacao.unimontes.br\/ppgeo\/wp-json\/wp\/v2\/types\/post"}],"author":[{"embeddable":true,"href":"https:\/\/www.posgraduacao.unimontes.br\/ppgeo\/wp-json\/wp\/v2\/users\/4"}],"replies":[{"embeddable":true,"href":"https:\/\/www.posgraduacao.unimontes.br\/ppgeo\/wp-json\/wp\/v2\/comments?post=3380"}],"version-history":[{"count":4,"href":"https:\/\/www.posgraduacao.unimontes.br\/ppgeo\/wp-json\/wp\/v2\/posts\/3380\/revisions"}],"predecessor-version":[{"id":3385,"href":"https:\/\/www.posgraduacao.unimontes.br\/ppgeo\/wp-json\/wp\/v2\/posts\/3380\/revisions\/3385"}],"wp:attachment":[{"href":"https:\/\/www.posgraduacao.unimontes.br\/ppgeo\/wp-json\/wp\/v2\/media?parent=3380"}],"wp:term":[{"taxonomy":"category","embeddable":true,"href":"https:\/\/www.posgraduacao.unimontes.br\/ppgeo\/wp-json\/wp\/v2\/categories?post=3380"},{"taxonomy":"post_tag","embeddable":true,"href":"https:\/\/www.posgraduacao.unimontes.br\/ppgeo\/wp-json\/wp\/v2\/tags?post=3380"}],"curies":[{"name":"wp","href":"https:\/\/api.w.org\/{rel}","templated":true}]}}