{"id":3362,"date":"2024-05-20T15:44:28","date_gmt":"2024-05-20T18:44:28","guid":{"rendered":"https:\/\/www.posgraduacao.unimontes.br\/ppgeo\/?p=3362"},"modified":"2024-05-20T15:55:07","modified_gmt":"2024-05-20T18:55:07","slug":"grupo-de-estudos-no-laboratorio-de-estudos-urbanos-da-unimontes-em-plena-atividade","status":"publish","type":"post","link":"https:\/\/www.posgraduacao.unimontes.br\/ppgeo\/2024\/05\/20\/grupo-de-estudos-no-laboratorio-de-estudos-urbanos-da-unimontes-em-plena-atividade\/","title":{"rendered":"Grupo de Estudos no Laborat\u00f3rio de Estudos Urbanos da Unimontes em Plena Atividade"},"content":{"rendered":"<section class=\"kc-elm kc-css-445620 kc_row\"><div class=\"kc-row-container  kc-container\"><div class=\"kc-wrap-columns\"><div class=\"kc-elm kc-css-338686 kc_col-sm-6 kc_column kc_col-sm-6\"><div class=\"kc-col-container\"><div class=\"kc-elm kc-css-716558 kc_shortcode kc_single_image\">\n\n        <img src=\"https:\/\/www.posgraduacao.unimontes.br\/uploads\/sites\/7\/2024\/05\/GE_LAUER-scaled.jpg\" class=\"\" alt=\"\" \/>    <\/div>\n<\/div><\/div><div class=\"kc-elm kc-css-677441 kc_col-sm-6 kc_column kc_col-sm-6\"><div class=\"kc-col-container\"><div class=\"kc-elm kc-css-899680 kc_text_block\"><p>O Grupo de Estudos no L<strong>aborat\u00f3rio de Estudos Urbanos<\/strong> da Universidade Estadual de Montes Claros (Unimontes) est\u00e1 em plena atividade. O grupo conta com a participa\u00e7\u00e3o de mestrandos do Programa de P\u00f3s-Gradua\u00e7\u00e3o em Geografia (PPGEO) da Unimontes e do Programa de P\u00f3s-Gradua\u00e7\u00e3o UFMG-Unimontes em Sociedade, Ambiente e Territ\u00f3rio, demonstrando um forte compromisso interinstitucional.<\/p>\n<p>A coordena\u00e7\u00e3o do grupo \u00e9 realizada pela Professora Iara Soares de Fran\u00e7a. Doutora em Geografia pela Universidade Federal de Uberl\u00e2ndia (UFU) desde 2012, onde tamb\u00e9m obteve o t\u00edtulo de Mestre em 2007, a Professora Iara \u00e9 graduada em Geografia pela Universidade Estadual de Montes Claros desde 2003. Ela \u00e9 professora do Departamento de Geoci\u00eancias da Unimontes e docente permanente do Programa de P\u00f3s-Gradua\u00e7\u00e3o em Geografia (PPGEO).<\/p>\n<p>Este grupo de estudos representa um importante espa\u00e7o de colabora\u00e7\u00e3o e desenvolvimento acad\u00eamico, promovendo a integra\u00e7\u00e3o entre diferentes programas de p\u00f3s-gradua\u00e7\u00e3o e contribuindo para o avan\u00e7o das pesquisas na \u00e1rea de estudos urbanos.<\/p>\n<\/div><\/div><\/div><\/div><\/div><\/section>\n","protected":false},"excerpt":{"rendered":"","protected":false},"author":4,"featured_media":0,"comment_status":"closed","ping_status":"closed","sticky":false,"template":"","format":"standard","meta":[],"categories":[1],"tags":[],"yoast_head":"<!-- This site is optimized with the Yoast SEO plugin v14.7 - https:\/\/yoast.com\/wordpress\/plugins\/seo\/ -->\n<title>Grupo de Estudos no Laborat\u00f3rio de Estudos Urbanos da Unimontes em Plena Atividade -<\/title>\n<meta name=\"robots\" content=\"index, follow\" \/>\n<meta name=\"googlebot\" content=\"index, follow, max-snippet:-1, max-image-preview:large, max-video-preview:-1\" \/>\n<meta name=\"bingbot\" content=\"index, follow, max-snippet:-1, max-image-preview:large, max-video-preview:-1\" \/>\n<link rel=\"canonical\" href=\"https:\/\/www.posgraduacao.unimontes.br\/ppgeo\/2024\/05\/20\/grupo-de-estudos-no-laboratorio-de-estudos-urbanos-da-unimontes-em-plena-atividade\/\" \/>\n<meta property=\"og:locale\" content=\"pt_BR\" \/>\n<meta property=\"og:type\" content=\"article\" \/>\n<meta property=\"og:title\" content=\"Grupo de Estudos no Laborat\u00f3rio de Estudos Urbanos da Unimontes em Plena Atividade -\" \/>\n<meta property=\"og:description\" content=\"O Grupo de Estudos no Laborat\u00f3rio de Estudos Urbanos da Universidade Estadual de Montes Claros (Unimontes) est\u00e1 em plena atividade. O grupo conta com a participa\u00e7\u00e3o de mestrandos do Programa de P\u00f3s-Gradua\u00e7\u00e3o em Geografia (PPGEO) da Unimontes e do Programa de P\u00f3s-Gradua\u00e7\u00e3o UFMG-Unimontes em Sociedade, Ambiente e Territ\u00f3rio, demonstrando um forte compromisso interinstitucional. A coordena\u00e7\u00e3o [&hellip;]\" \/>\n<meta property=\"og:url\" content=\"https:\/\/www.posgraduacao.unimontes.br\/ppgeo\/2024\/05\/20\/grupo-de-estudos-no-laboratorio-de-estudos-urbanos-da-unimontes-em-plena-atividade\/\" \/>\n<meta property=\"article:published_time\" content=\"2024-05-20T18:44:28+00:00\" \/>\n<meta property=\"article:modified_time\" content=\"2024-05-20T18:55:07+00:00\" \/>\n<meta property=\"og:image\" content=\"http:\/\/www.posgraduacao.unimontes.br\/uploads\/sites\/7\/2024\/05\/GE_LAUER-scaled.jpg\" \/>\n<meta name=\"twitter:card\" content=\"summary_large_image\" \/>\n<script type=\"application\/ld+json\" class=\"yoast-schema-graph\">{\"@context\":\"https:\/\/schema.org\",\"@graph\":[{\"@type\":\"WebSite\",\"@id\":\"https:\/\/www.posgraduacao.unimontes.br\/ppgeo\/#website\",\"url\":\"https:\/\/www.posgraduacao.unimontes.br\/ppgeo\/\",\"name\":\"\",\"description\":\"\",\"potentialAction\":[{\"@type\":\"SearchAction\",\"target\":\"https:\/\/www.posgraduacao.unimontes.br\/ppgeo\/?s={search_term_string}\",\"query-input\":\"required name=search_term_string\"}],\"inLanguage\":\"pt-BR\"},{\"@type\":\"ImageObject\",\"@id\":\"https:\/\/www.posgraduacao.unimontes.br\/ppgeo\/2024\/05\/20\/grupo-de-estudos-no-laboratorio-de-estudos-urbanos-da-unimontes-em-plena-atividade\/#primaryimage\",\"inLanguage\":\"pt-BR\",\"url\":\"http:\/\/www.posgraduacao.unimontes.br\/uploads\/sites\/7\/2024\/05\/GE_LAUER-scaled.jpg\"},{\"@type\":\"WebPage\",\"@id\":\"https:\/\/www.posgraduacao.unimontes.br\/ppgeo\/2024\/05\/20\/grupo-de-estudos-no-laboratorio-de-estudos-urbanos-da-unimontes-em-plena-atividade\/#webpage\",\"url\":\"https:\/\/www.posgraduacao.unimontes.br\/ppgeo\/2024\/05\/20\/grupo-de-estudos-no-laboratorio-de-estudos-urbanos-da-unimontes-em-plena-atividade\/\",\"name\":\"Grupo de Estudos no Laborat\\u00f3rio de Estudos Urbanos da Unimontes em Plena Atividade -\",\"isPartOf\":{\"@id\":\"https:\/\/www.posgraduacao.unimontes.br\/ppgeo\/#website\"},\"primaryImageOfPage\":{\"@id\":\"https:\/\/www.posgraduacao.unimontes.br\/ppgeo\/2024\/05\/20\/grupo-de-estudos-no-laboratorio-de-estudos-urbanos-da-unimontes-em-plena-atividade\/#primaryimage\"},\"datePublished\":\"2024-05-20T18:44:28+00:00\",\"dateModified\":\"2024-05-20T18:55:07+00:00\",\"author\":{\"@id\":\"https:\/\/www.posgraduacao.unimontes.br\/ppgeo\/#\/schema\/person\/50bc6a92ec81c0fe3505bad1d108fb5e\"},\"inLanguage\":\"pt-BR\",\"potentialAction\":[{\"@type\":\"ReadAction\",\"target\":[\"https:\/\/www.posgraduacao.unimontes.br\/ppgeo\/2024\/05\/20\/grupo-de-estudos-no-laboratorio-de-estudos-urbanos-da-unimontes-em-plena-atividade\/\"]}]},{\"@type\":[\"Person\"],\"@id\":\"https:\/\/www.posgraduacao.unimontes.br\/ppgeo\/#\/schema\/person\/50bc6a92ec81c0fe3505bad1d108fb5e\",\"name\":\"ppgeo\"}]}<\/script>\n<!-- \/ Yoast SEO plugin. -->","_links":{"self":[{"href":"https:\/\/www.posgraduacao.unimontes.br\/ppgeo\/wp-json\/wp\/v2\/posts\/3362"}],"collection":[{"href":"https:\/\/www.posgraduacao.unimontes.br\/ppgeo\/wp-json\/wp\/v2\/posts"}],"about":[{"href":"https:\/\/www.posgraduacao.unimontes.br\/ppgeo\/wp-json\/wp\/v2\/types\/post"}],"author":[{"embeddable":true,"href":"https:\/\/www.posgraduacao.unimontes.br\/ppgeo\/wp-json\/wp\/v2\/users\/4"}],"replies":[{"embeddable":true,"href":"https:\/\/www.posgraduacao.unimontes.br\/ppgeo\/wp-json\/wp\/v2\/comments?post=3362"}],"version-history":[{"count":4,"href":"https:\/\/www.posgraduacao.unimontes.br\/ppgeo\/wp-json\/wp\/v2\/posts\/3362\/revisions"}],"predecessor-version":[{"id":3368,"href":"https:\/\/www.posgraduacao.unimontes.br\/ppgeo\/wp-json\/wp\/v2\/posts\/3362\/revisions\/3368"}],"wp:attachment":[{"href":"https:\/\/www.posgraduacao.unimontes.br\/ppgeo\/wp-json\/wp\/v2\/media?parent=3362"}],"wp:term":[{"taxonomy":"category","embeddable":true,"href":"https:\/\/www.posgraduacao.unimontes.br\/ppgeo\/wp-json\/wp\/v2\/categories?post=3362"},{"taxonomy":"post_tag","embeddable":true,"href":"https:\/\/www.posgraduacao.unimontes.br\/ppgeo\/wp-json\/wp\/v2\/tags?post=3362"}],"curies":[{"name":"wp","href":"https:\/\/api.w.org\/{rel}","templated":true}]}}