{"id":3357,"date":"2024-05-20T15:36:53","date_gmt":"2024-05-20T18:36:53","guid":{"rendered":"https:\/\/www.posgraduacao.unimontes.br\/ppgeo\/?p=3357"},"modified":"2024-05-20T15:44:00","modified_gmt":"2024-05-20T18:44:00","slug":"palestra-da-professora-iara-franca-aborda-desafios-e-temas-das-pesquisas-regionais-na-regiao-de-montes-claros","status":"publish","type":"post","link":"https:\/\/www.posgraduacao.unimontes.br\/ppgeo\/2024\/05\/20\/palestra-da-professora-iara-franca-aborda-desafios-e-temas-das-pesquisas-regionais-na-regiao-de-montes-claros\/","title":{"rendered":"Palestra da Professora Iara Fran\u00e7a Aborda Desafios e Temas das Pesquisas Regionais na Regi\u00e3o de Montes Claros"},"content":{"rendered":"<section class=\"kc-elm kc-css-314008 kc_row\"><div class=\"kc-row-container  kc-container\"><div class=\"kc-wrap-columns\"><div class=\"kc-elm kc-css-409882 kc_col-sm-12 kc_column kc_col-sm-12\"><div class=\"kc-col-container\"><div class=\"kc-elm kc-css-764472 kc_text_block\"><p>\n<img loading=\"lazy\" class=\"alignleft\" src=\"http:\/\/www.posgraduacao.unimontes.br\/uploads\/sites\/7\/2024\/05\/IARA_PPGSAT.png\" alt=\"\" width=\"494\" height=\"494\" \/>No dia 14 de maio, a Professora Iara Fran\u00e7a, do Programa de P\u00f3s-Gradua\u00e7\u00e3o em Geografia (PPGEO) da Universidade Estadual de Montes Claros (Unimontes), ministrou uma palestra intitulada &#8220;Pesquisas Regionais: Temas, Contextos e Desafios na Regi\u00e3o Intermedi\u00e1ria de Montes Claros\". Esta palestra foi parte do Programa de P\u00f3s-Gradua\u00e7\u00e3o UFMg-Unimontes em Sociedade, Ambiente e Territ\u00f3rio.<\/p>\n<p>A Professora Iara Soares de Fran\u00e7a \u00e9 Doutora em Geografia pela Universidade Federal de Uberl\u00e2ndia (UFU) desde 2012, onde tamb\u00e9m obteve o t\u00edtulo de Mestre em 2007. Graduada em Geografia pela Universidade Estadual de Montes Claros em 2003, ela \u00e9 professora do Departamento de Geoci\u00eancias da Unimontes e docente permanente do Programa de P\u00f3s-Gradua\u00e7\u00e3o em Geografia (PPGEO).<\/p>\n<p>A palestra abordou os principais desafios e temas relacionados \u00e0s pesquisas regionais na Regi\u00e3o Intermedi\u00e1ria de Montes Claros, destacando a import\u00e2ncia do contexto regional para a compreens\u00e3o das din\u00e2micas socioambientais.<\/p>\n<p>Para aqueles que n\u00e3o puderam assistir ao evento ao vivo, a palestra est\u00e1 dispon\u00edvel no canal do YouTube [PPGSAT-TV](<a href=\"https:\/\/www.youtube.com\/@PPGSAT-TV\/featured\">https:\/\/www.youtube.com\/@PPGSAT-TV\/featured<\/a>).<\/p>\n<p>Convidamos todos os interessados a acessar o conte\u00fado completo atrav\u00e9s do link fornecido.<\/p>\n<\/div><\/div><\/div><\/div><\/div><\/section>\n","protected":false},"excerpt":{"rendered":"","protected":false},"author":4,"featured_media":0,"comment_status":"closed","ping_status":"closed","sticky":false,"template":"","format":"standard","meta":[],"categories":[1],"tags":[],"yoast_head":"<!-- This site is optimized with the Yoast SEO plugin v14.7 - https:\/\/yoast.com\/wordpress\/plugins\/seo\/ -->\n<title>Palestra da Professora Iara Fran\u00e7a Aborda Desafios e Temas das Pesquisas Regionais na Regi\u00e3o de Montes Claros -<\/title>\n<meta name=\"robots\" content=\"index, follow\" \/>\n<meta name=\"googlebot\" content=\"index, follow, max-snippet:-1, max-image-preview:large, max-video-preview:-1\" \/>\n<meta name=\"bingbot\" content=\"index, follow, max-snippet:-1, max-image-preview:large, max-video-preview:-1\" \/>\n<link rel=\"canonical\" href=\"https:\/\/www.posgraduacao.unimontes.br\/ppgeo\/2024\/05\/20\/palestra-da-professora-iara-franca-aborda-desafios-e-temas-das-pesquisas-regionais-na-regiao-de-montes-claros\/\" \/>\n<meta property=\"og:locale\" content=\"pt_BR\" \/>\n<meta property=\"og:type\" content=\"article\" \/>\n<meta property=\"og:title\" content=\"Palestra da Professora Iara Fran\u00e7a Aborda Desafios e Temas das Pesquisas Regionais na Regi\u00e3o de Montes Claros -\" \/>\n<meta property=\"og:description\" content=\"No dia 14 de maio, a Professora Iara Fran\u00e7a, do Programa de P\u00f3s-Gradua\u00e7\u00e3o em Geografia (PPGEO) da Universidade Estadual de Montes Claros (Unimontes), ministrou uma palestra intitulada &#8220;Pesquisas Regionais: Temas, Contextos e Desafios na Regi\u00e3o Intermedi\u00e1ria de Montes Claros&#8221;. Esta palestra foi parte do Programa de P\u00f3s-Gradua\u00e7\u00e3o UFMg-Unimontes em Sociedade, Ambiente e Territ\u00f3rio. A Professora [&hellip;]\" \/>\n<meta property=\"og:url\" content=\"https:\/\/www.posgraduacao.unimontes.br\/ppgeo\/2024\/05\/20\/palestra-da-professora-iara-franca-aborda-desafios-e-temas-das-pesquisas-regionais-na-regiao-de-montes-claros\/\" \/>\n<meta property=\"article:published_time\" content=\"2024-05-20T18:36:53+00:00\" \/>\n<meta property=\"article:modified_time\" content=\"2024-05-20T18:44:00+00:00\" \/>\n<meta property=\"og:image\" content=\"http:\/\/www.posgraduacao.unimontes.br\/uploads\/sites\/7\/2024\/05\/IARA_PPGSAT.png\" \/>\n<meta name=\"twitter:card\" content=\"summary_large_image\" \/>\n<script type=\"application\/ld+json\" class=\"yoast-schema-graph\">{\"@context\":\"https:\/\/schema.org\",\"@graph\":[{\"@type\":\"WebSite\",\"@id\":\"https:\/\/www.posgraduacao.unimontes.br\/ppgeo\/#website\",\"url\":\"https:\/\/www.posgraduacao.unimontes.br\/ppgeo\/\",\"name\":\"\",\"description\":\"\",\"potentialAction\":[{\"@type\":\"SearchAction\",\"target\":\"https:\/\/www.posgraduacao.unimontes.br\/ppgeo\/?s={search_term_string}\",\"query-input\":\"required name=search_term_string\"}],\"inLanguage\":\"pt-BR\"},{\"@type\":\"ImageObject\",\"@id\":\"https:\/\/www.posgraduacao.unimontes.br\/ppgeo\/2024\/05\/20\/palestra-da-professora-iara-franca-aborda-desafios-e-temas-das-pesquisas-regionais-na-regiao-de-montes-claros\/#primaryimage\",\"inLanguage\":\"pt-BR\",\"url\":\"http:\/\/www.posgraduacao.unimontes.br\/uploads\/sites\/7\/2024\/05\/IARA_PPGSAT.png\"},{\"@type\":\"WebPage\",\"@id\":\"https:\/\/www.posgraduacao.unimontes.br\/ppgeo\/2024\/05\/20\/palestra-da-professora-iara-franca-aborda-desafios-e-temas-das-pesquisas-regionais-na-regiao-de-montes-claros\/#webpage\",\"url\":\"https:\/\/www.posgraduacao.unimontes.br\/ppgeo\/2024\/05\/20\/palestra-da-professora-iara-franca-aborda-desafios-e-temas-das-pesquisas-regionais-na-regiao-de-montes-claros\/\",\"name\":\"Palestra da Professora Iara Fran\\u00e7a Aborda Desafios e Temas das Pesquisas Regionais na Regi\\u00e3o de Montes Claros -\",\"isPartOf\":{\"@id\":\"https:\/\/www.posgraduacao.unimontes.br\/ppgeo\/#website\"},\"primaryImageOfPage\":{\"@id\":\"https:\/\/www.posgraduacao.unimontes.br\/ppgeo\/2024\/05\/20\/palestra-da-professora-iara-franca-aborda-desafios-e-temas-das-pesquisas-regionais-na-regiao-de-montes-claros\/#primaryimage\"},\"datePublished\":\"2024-05-20T18:36:53+00:00\",\"dateModified\":\"2024-05-20T18:44:00+00:00\",\"author\":{\"@id\":\"https:\/\/www.posgraduacao.unimontes.br\/ppgeo\/#\/schema\/person\/50bc6a92ec81c0fe3505bad1d108fb5e\"},\"inLanguage\":\"pt-BR\",\"potentialAction\":[{\"@type\":\"ReadAction\",\"target\":[\"https:\/\/www.posgraduacao.unimontes.br\/ppgeo\/2024\/05\/20\/palestra-da-professora-iara-franca-aborda-desafios-e-temas-das-pesquisas-regionais-na-regiao-de-montes-claros\/\"]}]},{\"@type\":[\"Person\"],\"@id\":\"https:\/\/www.posgraduacao.unimontes.br\/ppgeo\/#\/schema\/person\/50bc6a92ec81c0fe3505bad1d108fb5e\",\"name\":\"ppgeo\"}]}<\/script>\n<!-- \/ Yoast SEO plugin. -->","_links":{"self":[{"href":"https:\/\/www.posgraduacao.unimontes.br\/ppgeo\/wp-json\/wp\/v2\/posts\/3357"}],"collection":[{"href":"https:\/\/www.posgraduacao.unimontes.br\/ppgeo\/wp-json\/wp\/v2\/posts"}],"about":[{"href":"https:\/\/www.posgraduacao.unimontes.br\/ppgeo\/wp-json\/wp\/v2\/types\/post"}],"author":[{"embeddable":true,"href":"https:\/\/www.posgraduacao.unimontes.br\/ppgeo\/wp-json\/wp\/v2\/users\/4"}],"replies":[{"embeddable":true,"href":"https:\/\/www.posgraduacao.unimontes.br\/ppgeo\/wp-json\/wp\/v2\/comments?post=3357"}],"version-history":[{"count":3,"href":"https:\/\/www.posgraduacao.unimontes.br\/ppgeo\/wp-json\/wp\/v2\/posts\/3357\/revisions"}],"predecessor-version":[{"id":3361,"href":"https:\/\/www.posgraduacao.unimontes.br\/ppgeo\/wp-json\/wp\/v2\/posts\/3357\/revisions\/3361"}],"wp:attachment":[{"href":"https:\/\/www.posgraduacao.unimontes.br\/ppgeo\/wp-json\/wp\/v2\/media?parent=3357"}],"wp:term":[{"taxonomy":"category","embeddable":true,"href":"https:\/\/www.posgraduacao.unimontes.br\/ppgeo\/wp-json\/wp\/v2\/categories?post=3357"},{"taxonomy":"post_tag","embeddable":true,"href":"https:\/\/www.posgraduacao.unimontes.br\/ppgeo\/wp-json\/wp\/v2\/tags?post=3357"}],"curies":[{"name":"wp","href":"https:\/\/api.w.org\/{rel}","templated":true}]}}