{"id":3327,"date":"2024-04-10T09:49:03","date_gmt":"2024-04-10T12:49:03","guid":{"rendered":"https:\/\/www.posgraduacao.unimontes.br\/ppgeo\/?p=3327"},"modified":"2024-04-10T09:52:37","modified_gmt":"2024-04-10T12:52:37","slug":"equipe-ppgeo-e-laeur-participa-do-projeto-clima-na-pratica-em-parceria-com-a-semad-e-prefeitura-de-montes-claros","status":"publish","type":"post","link":"https:\/\/www.posgraduacao.unimontes.br\/ppgeo\/2024\/04\/10\/equipe-ppgeo-e-laeur-participa-do-projeto-clima-na-pratica-em-parceria-com-a-semad-e-prefeitura-de-montes-claros\/","title":{"rendered":"Equipe PPGEO e LAEUR participa do Projeto &#8220;Clima na Pr\u00e1tica&#8221; em parceria com a SEMAD e Prefeitura de Montes Claros&#8221;"},"content":{"rendered":"<section class=\"kc-elm kc-css-274193 kc_row\"><div class=\"kc-row-container  kc-container\"><div class=\"kc-wrap-columns\"><div class=\"kc-elm kc-css-841921 kc_col-sm-12 kc_column kc_col-sm-12\"><div class=\"kc-col-container\"><div class=\"kc-elm kc-css-577584 kc_text_block\"><p><img loading=\"lazy\" class=\"alignleft\" src=\"http:\/\/www.posgraduacao.unimontes.br\/uploads\/sites\/7\/2024\/04\/clima_ppgeo.png\" alt=\"\" width=\"459\" height=\"345\" \/>A Equipe PPGEO e LAEUR (Mestre, Mestrando e Bolsistas IC FAPEMIG) teve a honra de participar do Projeto &#8220;Clima na Pr\u00e1tica\" da Secretaria de Estado de Meio Ambiente e Desenvolvimento Sustent\u00e1vel (SEMAD), realizado em conjunto com a Prefeitura de Montes Claros. O evento ocorreu no dia 3 de abril de 2024, no Centro de Ci\u00eancias Humanas da Universidade Estadual de Montes Claros, sob a coordena\u00e7\u00e3o da Profa. Dra. Iara Soares de Fran\u00e7a, professora doutora do PPGEO.<\/p>\n<p>O Ciclo inaugural de Oficinas Regionais do projeto teve como prop\u00f3sito principal a elabora\u00e7\u00e3o de planos locais de a\u00e7\u00e3o clim\u00e1tica em colabora\u00e7\u00e3o com as administra\u00e7\u00f5es p\u00fablicas municipais. Essa iniciativa visa fortalecer a capacidade dos munic\u00edpios de lidar com os desafios clim\u00e1ticos e promover a sustentabilidade ambiental em n\u00edvel local.<\/p>\n<p>A participa\u00e7\u00e3o da equipe PPGEO e LAEUR demonstra o compromisso com a busca por solu\u00e7\u00f5es clim\u00e1ticas e a promo\u00e7\u00e3o da sustentabilidade em Montes Claros e regi\u00e3o. O projeto representa uma oportunidade para contribuir ativamente para a constru\u00e7\u00e3o de um futuro mais resiliente e sustent\u00e1vel.<\/p>\n<p>Para mais informa\u00e7\u00f5es sobre o evento, acesse o link: <a href=\"https:\/\/semma.montesclaros.mg.gov.br\/noticia\/meio-ambiente\/clima-na-pratica-secretaria-de-estado-de-meio-ambiente-realiza-ciclo-inaugural-do-projeto-em-montes-claros#:~:text=O%20%E2%80%9CClima%20na%20Pr%C3%A1tica%E2%80%9D%20%C3%A9,um%20compromisso%20da%20nossa%20Prefeitura.\">Clima na Pr\u00e1tica &#8211; Secretaria de Estado de Meio Ambiente.<\/a><\/p>\n<\/div><\/div><\/div><\/div><\/div><\/section>\n","protected":false},"excerpt":{"rendered":"","protected":false},"author":4,"featured_media":0,"comment_status":"closed","ping_status":"closed","sticky":false,"template":"","format":"standard","meta":[],"categories":[1],"tags":[],"yoast_head":"<!-- This site is optimized with the Yoast SEO plugin v14.7 - https:\/\/yoast.com\/wordpress\/plugins\/seo\/ -->\n<title>Equipe PPGEO e LAEUR participa do Projeto &quot;Clima na Pr\u00e1tica&quot; em parceria com a SEMAD e Prefeitura de Montes Claros&quot; -<\/title>\n<meta name=\"robots\" content=\"index, follow\" \/>\n<meta name=\"googlebot\" content=\"index, follow, max-snippet:-1, max-image-preview:large, max-video-preview:-1\" \/>\n<meta name=\"bingbot\" content=\"index, follow, max-snippet:-1, max-image-preview:large, max-video-preview:-1\" \/>\n<link rel=\"canonical\" href=\"https:\/\/www.posgraduacao.unimontes.br\/ppgeo\/2024\/04\/10\/equipe-ppgeo-e-laeur-participa-do-projeto-clima-na-pratica-em-parceria-com-a-semad-e-prefeitura-de-montes-claros\/\" \/>\n<meta property=\"og:locale\" content=\"pt_BR\" \/>\n<meta property=\"og:type\" content=\"article\" \/>\n<meta property=\"og:title\" content=\"Equipe PPGEO e LAEUR participa do Projeto &quot;Clima na Pr\u00e1tica&quot; em parceria com a SEMAD e Prefeitura de Montes Claros&quot; -\" \/>\n<meta property=\"og:description\" content=\"A Equipe PPGEO e LAEUR (Mestre, Mestrando e Bolsistas IC FAPEMIG) teve a honra de participar do Projeto &#8220;Clima na Pr\u00e1tica&#8221; da Secretaria de Estado de Meio Ambiente e Desenvolvimento Sustent\u00e1vel (SEMAD), realizado em conjunto com a Prefeitura de Montes Claros. O evento ocorreu no dia 3 de abril de 2024, no Centro de Ci\u00eancias [&hellip;]\" \/>\n<meta property=\"og:url\" content=\"https:\/\/www.posgraduacao.unimontes.br\/ppgeo\/2024\/04\/10\/equipe-ppgeo-e-laeur-participa-do-projeto-clima-na-pratica-em-parceria-com-a-semad-e-prefeitura-de-montes-claros\/\" \/>\n<meta property=\"article:published_time\" content=\"2024-04-10T12:49:03+00:00\" \/>\n<meta property=\"article:modified_time\" content=\"2024-04-10T12:52:37+00:00\" \/>\n<meta property=\"og:image\" content=\"http:\/\/www.posgraduacao.unimontes.br\/uploads\/sites\/7\/2024\/04\/clima_ppgeo.png\" \/>\n<meta name=\"twitter:card\" content=\"summary_large_image\" \/>\n<script type=\"application\/ld+json\" class=\"yoast-schema-graph\">{\"@context\":\"https:\/\/schema.org\",\"@graph\":[{\"@type\":\"WebSite\",\"@id\":\"https:\/\/www.posgraduacao.unimontes.br\/ppgeo\/#website\",\"url\":\"https:\/\/www.posgraduacao.unimontes.br\/ppgeo\/\",\"name\":\"\",\"description\":\"\",\"potentialAction\":[{\"@type\":\"SearchAction\",\"target\":\"https:\/\/www.posgraduacao.unimontes.br\/ppgeo\/?s={search_term_string}\",\"query-input\":\"required name=search_term_string\"}],\"inLanguage\":\"pt-BR\"},{\"@type\":\"ImageObject\",\"@id\":\"https:\/\/www.posgraduacao.unimontes.br\/ppgeo\/2024\/04\/10\/equipe-ppgeo-e-laeur-participa-do-projeto-clima-na-pratica-em-parceria-com-a-semad-e-prefeitura-de-montes-claros\/#primaryimage\",\"inLanguage\":\"pt-BR\",\"url\":\"http:\/\/www.posgraduacao.unimontes.br\/uploads\/sites\/7\/2024\/04\/clima_ppgeo.png\"},{\"@type\":\"WebPage\",\"@id\":\"https:\/\/www.posgraduacao.unimontes.br\/ppgeo\/2024\/04\/10\/equipe-ppgeo-e-laeur-participa-do-projeto-clima-na-pratica-em-parceria-com-a-semad-e-prefeitura-de-montes-claros\/#webpage\",\"url\":\"https:\/\/www.posgraduacao.unimontes.br\/ppgeo\/2024\/04\/10\/equipe-ppgeo-e-laeur-participa-do-projeto-clima-na-pratica-em-parceria-com-a-semad-e-prefeitura-de-montes-claros\/\",\"name\":\"Equipe PPGEO e LAEUR participa do Projeto \\\"Clima na Pr\\u00e1tica\\\" em parceria com a SEMAD e Prefeitura de Montes Claros\\\" -\",\"isPartOf\":{\"@id\":\"https:\/\/www.posgraduacao.unimontes.br\/ppgeo\/#website\"},\"primaryImageOfPage\":{\"@id\":\"https:\/\/www.posgraduacao.unimontes.br\/ppgeo\/2024\/04\/10\/equipe-ppgeo-e-laeur-participa-do-projeto-clima-na-pratica-em-parceria-com-a-semad-e-prefeitura-de-montes-claros\/#primaryimage\"},\"datePublished\":\"2024-04-10T12:49:03+00:00\",\"dateModified\":\"2024-04-10T12:52:37+00:00\",\"author\":{\"@id\":\"https:\/\/www.posgraduacao.unimontes.br\/ppgeo\/#\/schema\/person\/50bc6a92ec81c0fe3505bad1d108fb5e\"},\"inLanguage\":\"pt-BR\",\"potentialAction\":[{\"@type\":\"ReadAction\",\"target\":[\"https:\/\/www.posgraduacao.unimontes.br\/ppgeo\/2024\/04\/10\/equipe-ppgeo-e-laeur-participa-do-projeto-clima-na-pratica-em-parceria-com-a-semad-e-prefeitura-de-montes-claros\/\"]}]},{\"@type\":[\"Person\"],\"@id\":\"https:\/\/www.posgraduacao.unimontes.br\/ppgeo\/#\/schema\/person\/50bc6a92ec81c0fe3505bad1d108fb5e\",\"name\":\"ppgeo\"}]}<\/script>\n<!-- \/ Yoast SEO plugin. -->","_links":{"self":[{"href":"https:\/\/www.posgraduacao.unimontes.br\/ppgeo\/wp-json\/wp\/v2\/posts\/3327"}],"collection":[{"href":"https:\/\/www.posgraduacao.unimontes.br\/ppgeo\/wp-json\/wp\/v2\/posts"}],"about":[{"href":"https:\/\/www.posgraduacao.unimontes.br\/ppgeo\/wp-json\/wp\/v2\/types\/post"}],"author":[{"embeddable":true,"href":"https:\/\/www.posgraduacao.unimontes.br\/ppgeo\/wp-json\/wp\/v2\/users\/4"}],"replies":[{"embeddable":true,"href":"https:\/\/www.posgraduacao.unimontes.br\/ppgeo\/wp-json\/wp\/v2\/comments?post=3327"}],"version-history":[{"count":3,"href":"https:\/\/www.posgraduacao.unimontes.br\/ppgeo\/wp-json\/wp\/v2\/posts\/3327\/revisions"}],"predecessor-version":[{"id":3331,"href":"https:\/\/www.posgraduacao.unimontes.br\/ppgeo\/wp-json\/wp\/v2\/posts\/3327\/revisions\/3331"}],"wp:attachment":[{"href":"https:\/\/www.posgraduacao.unimontes.br\/ppgeo\/wp-json\/wp\/v2\/media?parent=3327"}],"wp:term":[{"taxonomy":"category","embeddable":true,"href":"https:\/\/www.posgraduacao.unimontes.br\/ppgeo\/wp-json\/wp\/v2\/categories?post=3327"},{"taxonomy":"post_tag","embeddable":true,"href":"https:\/\/www.posgraduacao.unimontes.br\/ppgeo\/wp-json\/wp\/v2\/tags?post=3327"}],"curies":[{"name":"wp","href":"https:\/\/api.w.org\/{rel}","templated":true}]}}