{"id":3266,"date":"2024-03-04T15:46:50","date_gmt":"2024-03-04T18:46:50","guid":{"rendered":"https:\/\/www.posgraduacao.unimontes.br\/ppgeo\/?p=3266"},"modified":"2024-03-04T15:54:25","modified_gmt":"2024-03-04T18:54:25","slug":"profa-dra-iara-soares-de-franca-do-ppgeo-participou-no-workshop-da-recime-sobre-cidades-medias-em-bauru","status":"publish","type":"post","link":"https:\/\/www.posgraduacao.unimontes.br\/ppgeo\/2024\/03\/04\/profa-dra-iara-soares-de-franca-do-ppgeo-participou-no-workshop-da-recime-sobre-cidades-medias-em-bauru\/","title":{"rendered":"Profa. Dra. Iara Soares de Fran\u00e7a, do PPGEO, participou no Workshop da RECIME sobre Cidades M\u00e9dias em Bauru"},"content":{"rendered":"<section class=\"kc-elm kc-css-492144 kc_row\"><div class=\"kc-row-container  kc-container\"><div class=\"kc-wrap-columns\"><div class=\"kc-elm kc-css-465998 kc_col-sm-6 kc_column kc_col-sm-6\"><div class=\"kc-col-container\"><div class=\"kc-elm kc-css-185316\">\n\t<div class=\"kc-carousel_images kc-elm kc-css-185316\">\n\t\n\t\t<div class=\"kc-carousel-images owl-carousel-images kc-sync1 \" data-owl-i-options='{\"items\":\"1\",\"tablet\":\"2\",\"mobile\":\"1\",\"speed\":\"500\",\"navigation\":\"\",\"pagination\":\"yes\",\"autoheight\":\"\",\"progressbar\":\"\",\"delay\":\"8\",\"autoplay\":\"yes\",\"showthumb\":\"\",\"num_thumb\":\"5\"}'>\n\t\n\t\t\t\t\t<div class=\"item\">\n\t\n\t\t\t\t\t\t\t<img src=\"https:\/\/www.posgraduacao.unimontes.br\/uploads\/sites\/7\/2024\/03\/a.png\"  alt=\"\"\/>\n\t\n\t\t\t\t\n\t\t\t<\/div>\n\t\n\t\t\t\t\t<div class=\"item\">\n\t\n\t\t\t\t\t\t\t<img src=\"https:\/\/www.posgraduacao.unimontes.br\/uploads\/sites\/7\/2024\/03\/b.png\"  alt=\"\"\/>\n\t\n\t\t\t\t\n\t\t\t<\/div>\n\t\n\t\t\t\t\t<div class=\"item\">\n\t\n\t\t\t\t\t\t\t<img src=\"https:\/\/www.posgraduacao.unimontes.br\/uploads\/sites\/7\/2024\/03\/c.png\"  alt=\"\"\/>\n\t\n\t\t\t\t\n\t\t\t<\/div>\n\t\n\t\t\t\n\t\t<\/div>\n\t\n\t\t\t<\/div>\n<\/div>\n<\/div><\/div><div class=\"kc-elm kc-css-671782 kc_col-sm-6 kc_column kc_col-sm-6\"><div class=\"kc-col-container\"><div class=\"kc-elm kc-css-343195 kc_text_block\"><p style=\"border: 0px solid #e3e3e3; box-sizing: border-box; --tw-border-spacing-x: 0; --tw-border-spacing-y: 0; --tw-translate-x: 0; --tw-translate-y: 0; --tw-rotate: 0; --tw-skew-x: 0; --tw-skew-y: 0; --tw-scale-x: 1; --tw-scale-y: 1; --tw-scroll-snap-strictness: proximity; --tw-ring-offset-width: 0px; --tw-ring-offset-color: #fff; --tw-ring-color: rgba(69,89,164,.5); --tw-ring-offset-shadow: 0 0 transparent; --tw-ring-shadow: 0 0 transparent; --tw-shadow: 0 0 transparent; --tw-shadow-colored: 0 0 transparent; margin: 0px 0px 1.25em; color: #0d0d0d; font-family: S\u00f6hne, ui-sans-serif, system-ui, -apple-system, 'Segoe UI', Roboto, Ubuntu, Cantarell, 'Noto Sans', sans-serif, 'Helvetica Neue', Arial, 'Apple Color Emoji', 'Segoe UI Emoji', 'Segoe UI Symbol', 'Noto Color Emoji'; white-space-collapse: preserve;\">A Profa. Dra. Iara Soares de Fran\u00e7a, pesquisadora do Programa de P\u00f3s-Gradua\u00e7\u00e3o em Geografia (PPGEO), recentemente participou do Workshop da Rede de Pesquisadores sobre Cidades M\u00e9dias (RECIME), realizado em Bauru, S\u00e3o Paulo, de 26 a 28 de fevereiro de 2024.<\/p>\n<p style=\"border: 0px solid #e3e3e3; box-sizing: border-box; --tw-border-spacing-x: 0; --tw-border-spacing-y: 0; --tw-translate-x: 0; --tw-translate-y: 0; --tw-rotate: 0; --tw-skew-x: 0; --tw-skew-y: 0; --tw-scale-x: 1; --tw-scale-y: 1; --tw-scroll-snap-strictness: proximity; --tw-ring-offset-width: 0px; --tw-ring-offset-color: #fff; --tw-ring-color: rgba(69,89,164,.5); --tw-ring-offset-shadow: 0 0 transparent; --tw-ring-shadow: 0 0 transparent; --tw-shadow: 0 0 transparent; --tw-shadow-colored: 0 0 transparent; margin: 1.25em 0px; color: #0d0d0d; font-family: S\u00f6hne, ui-sans-serif, system-ui, -apple-system, 'Segoe UI', Roboto, Ubuntu, Cantarell, 'Noto Sans', sans-serif, 'Helvetica Neue', Arial, 'Apple Color Emoji', 'Segoe UI Emoji', 'Segoe UI Symbol', 'Noto Color Emoji'; white-space-collapse: preserve;\">O RECIME \u00e9 uma rede internacional que re\u00fane acad\u00eamicos de diversos pa\u00edses, todos engajados na investiga\u00e7\u00e3o da produ\u00e7\u00e3o e organiza\u00e7\u00e3o do espa\u00e7o urbano em cidades m\u00e9dias. Composta por 59 pesquisadores de 35 institui\u00e7\u00f5es diferentes, incluindo representantes da Argentina, Brasil, Chile, Espanha e Mo\u00e7ambique, a rede tem sido fundamental na promo\u00e7\u00e3o do debate acad\u00eamico e no desenvolvimento de pol\u00edticas p\u00fablicas pertinentes a essa tem\u00e1tica.<\/p>\n<p style=\"border: 0px solid #e3e3e3; box-sizing: border-box; --tw-border-spacing-x: 0; --tw-border-spacing-y: 0; --tw-translate-x: 0; --tw-translate-y: 0; --tw-rotate: 0; --tw-skew-x: 0; --tw-skew-y: 0; --tw-scale-x: 1; --tw-scale-y: 1; --tw-scroll-snap-strictness: proximity; --tw-ring-offset-width: 0px; --tw-ring-offset-color: #fff; --tw-ring-color: rgba(69,89,164,.5); --tw-ring-offset-shadow: 0 0 transparent; --tw-ring-shadow: 0 0 transparent; --tw-shadow: 0 0 transparent; --tw-shadow-colored: 0 0 transparent; margin: 1.25em 0px; color: #0d0d0d; font-family: S\u00f6hne, ui-sans-serif, system-ui, -apple-system, 'Segoe UI', Roboto, Ubuntu, Cantarell, 'Noto Sans', sans-serif, 'Helvetica Neue', Arial, 'Apple Color Emoji', 'Segoe UI Emoji', 'Segoe UI Symbol', 'Noto Color Emoji'; white-space-collapse: preserve;\">Ao longo dos anos, o RECIME tem produzido uma s\u00e9rie de publica\u00e7\u00f5es conjuntas, tanto em forma de livros quanto de artigos, que t\u00eam contribu\u00eddo significativamente para o avan\u00e7o do conhecimento nesse campo. Al\u00e9m disso, as reuni\u00f5es peri\u00f3dicas realizadas pela rede, seja em formato presencial ou remoto, por meio de workshops ou congressos, t\u00eam proporcionado um espa\u00e7o importante para a troca de ideias e experi\u00eancias entre os membros.<\/p>\n<p style=\"border: 0px solid #e3e3e3; box-sizing: border-box; --tw-border-spacing-x: 0; --tw-border-spacing-y: 0; --tw-translate-x: 0; --tw-translate-y: 0; --tw-rotate: 0; --tw-skew-x: 0; --tw-skew-y: 0; --tw-scale-x: 1; --tw-scale-y: 1; --tw-scroll-snap-strictness: proximity; --tw-ring-offset-width: 0px; --tw-ring-offset-color: #fff; --tw-ring-color: rgba(69,89,164,.5); --tw-ring-offset-shadow: 0 0 transparent; --tw-ring-shadow: 0 0 transparent; --tw-shadow: 0 0 transparent; --tw-shadow-colored: 0 0 transparent; margin: 1.25em 0px; color: #0d0d0d; font-family: S\u00f6hne, ui-sans-serif, system-ui, -apple-system, 'Segoe UI', Roboto, Ubuntu, Cantarell, 'Noto Sans', sans-serif, 'Helvetica Neue', Arial, 'Apple Color Emoji', 'Segoe UI Emoji', 'Segoe UI Symbol', 'Noto Color Emoji'; white-space-collapse: preserve;\">Destaca-se que o RECIME j\u00e1 organizou quatro edi\u00e7\u00f5es do &#8220;Simp\u00f3sio Internacional sobre Cidades M\u00e9dias &#8211; CIMDEPE\", em diferentes locais, como Presidente Prudente (2005), Uberl\u00e2ndia (2006), Rio de Janeiro (2015) e Villarrica\/Santiago (2021). O \u00faltimo evento, realizado de forma remota em virtude da pandemia de Covid-19, reflete o compromisso da rede em adaptar-se \u00e0s circunst\u00e2ncias adversas, mantendo sempre vivo o di\u00e1logo e a colabora\u00e7\u00e3o entre seus participantes.<\/p>\n<p style=\"border: 0px solid #e3e3e3; box-sizing: border-box; --tw-border-spacing-x: 0; --tw-border-spacing-y: 0; --tw-translate-x: 0; --tw-translate-y: 0; --tw-rotate: 0; --tw-skew-x: 0; --tw-skew-y: 0; --tw-scale-x: 1; --tw-scale-y: 1; --tw-scroll-snap-strictness: proximity; --tw-ring-offset-width: 0px; --tw-ring-offset-color: #fff; --tw-ring-color: rgba(69,89,164,.5); --tw-ring-offset-shadow: 0 0 transparent; --tw-ring-shadow: 0 0 transparent; --tw-shadow: 0 0 transparent; --tw-shadow-colored: 0 0 transparent; margin: 1.25em 0px 0px; color: #0d0d0d; font-family: S\u00f6hne, ui-sans-serif, system-ui, -apple-system, 'Segoe UI', Roboto, Ubuntu, Cantarell, 'Noto Sans', sans-serif, 'Helvetica Neue', Arial, 'Apple Color Emoji', 'Segoe UI Emoji', 'Segoe UI Symbol', 'Noto Color Emoji'; white-space-collapse: preserve;\">A participa\u00e7\u00e3o da Profa. Dra. Iara Soares de Fran\u00e7a no Workshop da RECIME em Bauru certamente enriqueceu o debate e contribuiu para fortalecer os la\u00e7os de coopera\u00e7\u00e3o entre os pesquisadores envolvidos.<\/p>\n<\/div><\/div><\/div><\/div><\/div><\/section>\n","protected":false},"excerpt":{"rendered":"","protected":false},"author":4,"featured_media":0,"comment_status":"closed","ping_status":"closed","sticky":false,"template":"","format":"standard","meta":[],"categories":[1],"tags":[17,19,10,13,20,16,29,11,15],"yoast_head":"<!-- This site is optimized with the Yoast SEO plugin v14.7 - https:\/\/yoast.com\/wordpress\/plugins\/seo\/ -->\n<title>Profa. Dra. Iara Soares de Fran\u00e7a, do PPGEO, participou no Workshop da RECIME sobre Cidades M\u00e9dias em Bauru -<\/title>\n<meta name=\"robots\" content=\"index, follow\" \/>\n<meta name=\"googlebot\" content=\"index, follow, max-snippet:-1, max-image-preview:large, max-video-preview:-1\" \/>\n<meta name=\"bingbot\" content=\"index, follow, max-snippet:-1, max-image-preview:large, max-video-preview:-1\" \/>\n<link rel=\"canonical\" href=\"https:\/\/www.posgraduacao.unimontes.br\/ppgeo\/2024\/03\/04\/profa-dra-iara-soares-de-franca-do-ppgeo-participou-no-workshop-da-recime-sobre-cidades-medias-em-bauru\/\" \/>\n<meta property=\"og:locale\" content=\"pt_BR\" \/>\n<meta property=\"og:type\" content=\"article\" \/>\n<meta property=\"og:title\" content=\"Profa. Dra. Iara Soares de Fran\u00e7a, do PPGEO, participou no Workshop da RECIME sobre Cidades M\u00e9dias em Bauru -\" \/>\n<meta property=\"og:description\" content=\"A Profa. Dra. Iara Soares de Fran\u00e7a, pesquisadora do Programa de P\u00f3s-Gradua\u00e7\u00e3o em Geografia (PPGEO), recentemente participou do Workshop da Rede de Pesquisadores sobre Cidades M\u00e9dias (RECIME), realizado em Bauru, S\u00e3o Paulo, de 26 a 28 de fevereiro de 2024. O RECIME \u00e9 uma rede internacional que re\u00fane acad\u00eamicos de diversos pa\u00edses, todos engajados na [&hellip;]\" \/>\n<meta property=\"og:url\" content=\"https:\/\/www.posgraduacao.unimontes.br\/ppgeo\/2024\/03\/04\/profa-dra-iara-soares-de-franca-do-ppgeo-participou-no-workshop-da-recime-sobre-cidades-medias-em-bauru\/\" \/>\n<meta property=\"article:published_time\" content=\"2024-03-04T18:46:50+00:00\" \/>\n<meta property=\"article:modified_time\" content=\"2024-03-04T18:54:25+00:00\" \/>\n<meta property=\"og:image\" content=\"http:\/\/www.posgraduacao.unimontes.br\/uploads\/sites\/7\/2024\/03\/a.png\" \/>\n<meta name=\"twitter:card\" content=\"summary_large_image\" \/>\n<script type=\"application\/ld+json\" class=\"yoast-schema-graph\">{\"@context\":\"https:\/\/schema.org\",\"@graph\":[{\"@type\":\"WebSite\",\"@id\":\"https:\/\/www.posgraduacao.unimontes.br\/ppgeo\/#website\",\"url\":\"https:\/\/www.posgraduacao.unimontes.br\/ppgeo\/\",\"name\":\"\",\"description\":\"\",\"potentialAction\":[{\"@type\":\"SearchAction\",\"target\":\"https:\/\/www.posgraduacao.unimontes.br\/ppgeo\/?s={search_term_string}\",\"query-input\":\"required name=search_term_string\"}],\"inLanguage\":\"pt-BR\"},{\"@type\":\"ImageObject\",\"@id\":\"https:\/\/www.posgraduacao.unimontes.br\/ppgeo\/2024\/03\/04\/profa-dra-iara-soares-de-franca-do-ppgeo-participou-no-workshop-da-recime-sobre-cidades-medias-em-bauru\/#primaryimage\",\"inLanguage\":\"pt-BR\",\"url\":\"http:\/\/www.posgraduacao.unimontes.br\/uploads\/sites\/7\/2024\/03\/a.png\"},{\"@type\":\"WebPage\",\"@id\":\"https:\/\/www.posgraduacao.unimontes.br\/ppgeo\/2024\/03\/04\/profa-dra-iara-soares-de-franca-do-ppgeo-participou-no-workshop-da-recime-sobre-cidades-medias-em-bauru\/#webpage\",\"url\":\"https:\/\/www.posgraduacao.unimontes.br\/ppgeo\/2024\/03\/04\/profa-dra-iara-soares-de-franca-do-ppgeo-participou-no-workshop-da-recime-sobre-cidades-medias-em-bauru\/\",\"name\":\"Profa. Dra. Iara Soares de Fran\\u00e7a, do PPGEO, participou no Workshop da RECIME sobre Cidades M\\u00e9dias em Bauru -\",\"isPartOf\":{\"@id\":\"https:\/\/www.posgraduacao.unimontes.br\/ppgeo\/#website\"},\"primaryImageOfPage\":{\"@id\":\"https:\/\/www.posgraduacao.unimontes.br\/ppgeo\/2024\/03\/04\/profa-dra-iara-soares-de-franca-do-ppgeo-participou-no-workshop-da-recime-sobre-cidades-medias-em-bauru\/#primaryimage\"},\"datePublished\":\"2024-03-04T18:46:50+00:00\",\"dateModified\":\"2024-03-04T18:54:25+00:00\",\"author\":{\"@id\":\"https:\/\/www.posgraduacao.unimontes.br\/ppgeo\/#\/schema\/person\/50bc6a92ec81c0fe3505bad1d108fb5e\"},\"inLanguage\":\"pt-BR\",\"potentialAction\":[{\"@type\":\"ReadAction\",\"target\":[\"https:\/\/www.posgraduacao.unimontes.br\/ppgeo\/2024\/03\/04\/profa-dra-iara-soares-de-franca-do-ppgeo-participou-no-workshop-da-recime-sobre-cidades-medias-em-bauru\/\"]}]},{\"@type\":[\"Person\"],\"@id\":\"https:\/\/www.posgraduacao.unimontes.br\/ppgeo\/#\/schema\/person\/50bc6a92ec81c0fe3505bad1d108fb5e\",\"name\":\"ppgeo\"}]}<\/script>\n<!-- \/ Yoast SEO plugin. -->","_links":{"self":[{"href":"https:\/\/www.posgraduacao.unimontes.br\/ppgeo\/wp-json\/wp\/v2\/posts\/3266"}],"collection":[{"href":"https:\/\/www.posgraduacao.unimontes.br\/ppgeo\/wp-json\/wp\/v2\/posts"}],"about":[{"href":"https:\/\/www.posgraduacao.unimontes.br\/ppgeo\/wp-json\/wp\/v2\/types\/post"}],"author":[{"embeddable":true,"href":"https:\/\/www.posgraduacao.unimontes.br\/ppgeo\/wp-json\/wp\/v2\/users\/4"}],"replies":[{"embeddable":true,"href":"https:\/\/www.posgraduacao.unimontes.br\/ppgeo\/wp-json\/wp\/v2\/comments?post=3266"}],"version-history":[{"count":5,"href":"https:\/\/www.posgraduacao.unimontes.br\/ppgeo\/wp-json\/wp\/v2\/posts\/3266\/revisions"}],"predecessor-version":[{"id":3275,"href":"https:\/\/www.posgraduacao.unimontes.br\/ppgeo\/wp-json\/wp\/v2\/posts\/3266\/revisions\/3275"}],"wp:attachment":[{"href":"https:\/\/www.posgraduacao.unimontes.br\/ppgeo\/wp-json\/wp\/v2\/media?parent=3266"}],"wp:term":[{"taxonomy":"category","embeddable":true,"href":"https:\/\/www.posgraduacao.unimontes.br\/ppgeo\/wp-json\/wp\/v2\/categories?post=3266"},{"taxonomy":"post_tag","embeddable":true,"href":"https:\/\/www.posgraduacao.unimontes.br\/ppgeo\/wp-json\/wp\/v2\/tags?post=3266"}],"curies":[{"name":"wp","href":"https:\/\/api.w.org\/{rel}","templated":true}]}}