{"id":3192,"date":"2023-12-18T12:21:04","date_gmt":"2023-12-18T15:21:04","guid":{"rendered":"https:\/\/www.posgraduacao.unimontes.br\/ppgeo\/?p=3192"},"modified":"2023-12-18T12:24:28","modified_gmt":"2023-12-18T15:24:28","slug":"projeto-cecs-desvendando-desafios-e-fortalecendo-a-resiliencia-no-semiarido-mineiro","status":"publish","type":"post","link":"https:\/\/www.posgraduacao.unimontes.br\/ppgeo\/2023\/12\/18\/projeto-cecs-desvendando-desafios-e-fortalecendo-a-resiliencia-no-semiarido-mineiro\/","title":{"rendered":"Projeto CECS: Desvendando Desafios e Fortalecendo a Resili\u00eancia no Semi\u00e1rido Mineiro"},"content":{"rendered":"<section class=\"kc-elm kc-css-542627 kc_row\"><div class=\"kc-row-container  kc-container\"><div class=\"kc-wrap-columns\"><div class=\"kc-elm kc-css-238016 kc_col-sm-12 kc_column kc_col-sm-12\"><div class=\"kc-col-container\"><div class=\"kc-elm kc-css-930097 kc_text_block\"><p><img loading=\"lazy\" class=\"alignleft\" src=\"http:\/\/www.posgraduacao.unimontes.br\/uploads\/sites\/7\/2023\/12\/Novo_CECS.png\" alt=\"\" width=\"456\" height=\"456\" \/>O <a href=\"https:\/\/www.cecs.unimontes.br\/\" target=\"_blank\" rel=\"noopener\">Centro de Estudos de Conviv\u00eancia com o Semi\u00e1rido (CECS)<\/a>, uma iniciativa da UNIMONTES, surge como uma luz na busca por compreender e enfrentar os desafios singulares enfrentados pelo semi\u00e1rido mineiro. Este projeto ganha cada vez mais relev\u00e2ncia ao estimular estudos e an\u00e1lises aprofundadas da realidade regional, com foco em problemas cr\u00edticos que impactam diretamente o bioma Cerrado, a Caatinga e os povos tradicionais do Semi\u00e1rido Mineiro.<\/p>\n<p>O semi\u00e1rido mineiro, abrangendo \u00e1reas nas mesorregi\u00f5es dos Vales do Jequitinhonha e Mucuri, Norte de Minas e regi\u00e3o central, enfrenta uma marcante variabilidade e vulnerabilidade clim\u00e1tica. Os longos per\u00edodos de estiagens, desencadeados pela escassez de chuvas e pela imprevisibilidade espacial e temporal das precipita\u00e7\u00f5es pluviom\u00e9tricas, t\u00eam consequ\u00eancias significativas. Essas ocorr\u00eancias n\u00e3o apenas afetam o regime h\u00eddrico das nascentes e cursos d&#8217;\u00e1gua, mas tamb\u00e9m fragilizam o desenvolvimento econ\u00f4mico e social dessas regi\u00f5es, agravando desigualdades sociais e limitando oportunidades de emprego e renda.<\/p>\n<p>Nesse contexto desafiador, o CECS destaca-se por sua abordagem proativa e comprometida em entender e propor solu\u00e7\u00f5es para os problemas cruciais da regi\u00e3o. Em especial, o projeto enfrenta de frente os riscos de desertifica\u00e7\u00e3o e as mudan\u00e7as clim\u00e1ticas que afetam profundamente o bioma Cerrado e a Caatinga. Al\u00e9m disso, o CECS reconhece a import\u00e2ncia vital de preservar as tradi\u00e7\u00f5es e modos de vida dos povos que historicamente habitam o Semi\u00e1rido Mineiro.<\/p>\n<p>Ao estimular estudos especializados, an\u00e1lises criteriosas e o engajamento ativo com as comunidades locais, o CECS se torna uma pe\u00e7a fundamental na constru\u00e7\u00e3o de estrat\u00e9gias de conviv\u00eancia sustent\u00e1vel com o semi\u00e1rido. Este projeto n\u00e3o apenas promove o entendimento dos desafios enfrentados, mas tamb\u00e9m prop\u00f5e solu\u00e7\u00f5es inovadoras que t\u00eam o potencial de transformar positivamente a realidade dessas comunidades.<\/p>\n<p>Em um cen\u00e1rio onde a resili\u00eancia \u00e9 crucial, o CECS emerge como um farol de esperan\u00e7a e conhecimento, orientando-nos na busca por um futuro mais equitativo e sustent\u00e1vel para o Semi\u00e1rido Mineiro e suas comunidades. Este \u00e9 um convite para todos engajarem-se nessa jornada de descobertas e a\u00e7\u00f5es transformadoras. Juntos, podemos fortalecer a resili\u00eancia e construir um futuro mais promissor para todos.<\/p>\n<p>User<\/p>\n<p>RESUMA ESSE TEXTO PARA REDE SOCIAL. USE EMOJIS: O semi\u00e1rido mineiro e \u00e1reas de entorno, inseridos nas mesorregi\u00f5es dos Vales do Jequitinhonha e Mucuri, Norte de Minas e regi\u00e3o central, s\u00e3o caracterizados pela grande variabilidade e vulnerabilidade clim\u00e1tica, onde os longos per\u00edodos de estiagens s\u00e3o causados n\u00e3o somente pela aus\u00eancia e escassez de chuvas, mas, tamb\u00e9m, pela grande varia\u00e7\u00e3o espacial e temporal das precipita\u00e7\u00f5es pluviom\u00e9tricas. Tais ocorr\u00eancias, al\u00e9m de afetarem sensivelmente o regime h\u00eddrico das nascentes e de escoamento dos cursos d&#8217;\u00e1guas, indubitavelmente, fragilizam o processo de desenvolvimento dessas regi\u00f5es, contribuindo, por sua vez, para desigualdades sociais e baixa gera\u00e7\u00e3o de empregos e renda.<\/p>\n<\/div><\/div><\/div><\/div><\/div><\/section>\n","protected":false},"excerpt":{"rendered":"","protected":false},"author":4,"featured_media":0,"comment_status":"closed","ping_status":"closed","sticky":false,"template":"","format":"standard","meta":[],"categories":[1],"tags":[31,10,13,20,38,42,34,41,26],"yoast_head":"<!-- This site is optimized with the Yoast SEO plugin v14.7 - https:\/\/yoast.com\/wordpress\/plugins\/seo\/ -->\n<title>Projeto CECS: Desvendando Desafios e Fortalecendo a Resili\u00eancia no Semi\u00e1rido Mineiro -<\/title>\n<meta name=\"robots\" content=\"index, follow\" \/>\n<meta name=\"googlebot\" content=\"index, follow, max-snippet:-1, max-image-preview:large, max-video-preview:-1\" \/>\n<meta name=\"bingbot\" content=\"index, follow, max-snippet:-1, max-image-preview:large, max-video-preview:-1\" \/>\n<link rel=\"canonical\" href=\"https:\/\/www.posgraduacao.unimontes.br\/ppgeo\/2023\/12\/18\/projeto-cecs-desvendando-desafios-e-fortalecendo-a-resiliencia-no-semiarido-mineiro\/\" \/>\n<meta property=\"og:locale\" content=\"pt_BR\" \/>\n<meta property=\"og:type\" content=\"article\" \/>\n<meta property=\"og:title\" content=\"Projeto CECS: Desvendando Desafios e Fortalecendo a Resili\u00eancia no Semi\u00e1rido Mineiro -\" \/>\n<meta property=\"og:description\" content=\"O Centro de Estudos de Conviv\u00eancia com o Semi\u00e1rido (CECS), uma iniciativa da UNIMONTES, surge como uma luz na busca por compreender e enfrentar os desafios singulares enfrentados pelo semi\u00e1rido mineiro. Este projeto ganha cada vez mais relev\u00e2ncia ao estimular estudos e an\u00e1lises aprofundadas da realidade regional, com foco em problemas cr\u00edticos que impactam diretamente [&hellip;]\" \/>\n<meta property=\"og:url\" content=\"https:\/\/www.posgraduacao.unimontes.br\/ppgeo\/2023\/12\/18\/projeto-cecs-desvendando-desafios-e-fortalecendo-a-resiliencia-no-semiarido-mineiro\/\" \/>\n<meta property=\"article:published_time\" content=\"2023-12-18T15:21:04+00:00\" \/>\n<meta property=\"article:modified_time\" content=\"2023-12-18T15:24:28+00:00\" \/>\n<meta property=\"og:image\" content=\"http:\/\/www.posgraduacao.unimontes.br\/uploads\/sites\/7\/2023\/12\/Novo_CECS.png\" \/>\n<meta name=\"twitter:card\" content=\"summary_large_image\" \/>\n<script type=\"application\/ld+json\" class=\"yoast-schema-graph\">{\"@context\":\"https:\/\/schema.org\",\"@graph\":[{\"@type\":\"WebSite\",\"@id\":\"https:\/\/www.posgraduacao.unimontes.br\/ppgeo\/#website\",\"url\":\"https:\/\/www.posgraduacao.unimontes.br\/ppgeo\/\",\"name\":\"\",\"description\":\"\",\"potentialAction\":[{\"@type\":\"SearchAction\",\"target\":\"https:\/\/www.posgraduacao.unimontes.br\/ppgeo\/?s={search_term_string}\",\"query-input\":\"required name=search_term_string\"}],\"inLanguage\":\"pt-BR\"},{\"@type\":\"ImageObject\",\"@id\":\"https:\/\/www.posgraduacao.unimontes.br\/ppgeo\/2023\/12\/18\/projeto-cecs-desvendando-desafios-e-fortalecendo-a-resiliencia-no-semiarido-mineiro\/#primaryimage\",\"inLanguage\":\"pt-BR\",\"url\":\"http:\/\/www.posgraduacao.unimontes.br\/uploads\/sites\/7\/2023\/12\/Novo_CECS.png\"},{\"@type\":\"WebPage\",\"@id\":\"https:\/\/www.posgraduacao.unimontes.br\/ppgeo\/2023\/12\/18\/projeto-cecs-desvendando-desafios-e-fortalecendo-a-resiliencia-no-semiarido-mineiro\/#webpage\",\"url\":\"https:\/\/www.posgraduacao.unimontes.br\/ppgeo\/2023\/12\/18\/projeto-cecs-desvendando-desafios-e-fortalecendo-a-resiliencia-no-semiarido-mineiro\/\",\"name\":\"Projeto CECS: Desvendando Desafios e Fortalecendo a Resili\\u00eancia no Semi\\u00e1rido Mineiro -\",\"isPartOf\":{\"@id\":\"https:\/\/www.posgraduacao.unimontes.br\/ppgeo\/#website\"},\"primaryImageOfPage\":{\"@id\":\"https:\/\/www.posgraduacao.unimontes.br\/ppgeo\/2023\/12\/18\/projeto-cecs-desvendando-desafios-e-fortalecendo-a-resiliencia-no-semiarido-mineiro\/#primaryimage\"},\"datePublished\":\"2023-12-18T15:21:04+00:00\",\"dateModified\":\"2023-12-18T15:24:28+00:00\",\"author\":{\"@id\":\"https:\/\/www.posgraduacao.unimontes.br\/ppgeo\/#\/schema\/person\/50bc6a92ec81c0fe3505bad1d108fb5e\"},\"inLanguage\":\"pt-BR\",\"potentialAction\":[{\"@type\":\"ReadAction\",\"target\":[\"https:\/\/www.posgraduacao.unimontes.br\/ppgeo\/2023\/12\/18\/projeto-cecs-desvendando-desafios-e-fortalecendo-a-resiliencia-no-semiarido-mineiro\/\"]}]},{\"@type\":[\"Person\"],\"@id\":\"https:\/\/www.posgraduacao.unimontes.br\/ppgeo\/#\/schema\/person\/50bc6a92ec81c0fe3505bad1d108fb5e\",\"name\":\"ppgeo\"}]}<\/script>\n<!-- \/ Yoast SEO plugin. -->","_links":{"self":[{"href":"https:\/\/www.posgraduacao.unimontes.br\/ppgeo\/wp-json\/wp\/v2\/posts\/3192"}],"collection":[{"href":"https:\/\/www.posgraduacao.unimontes.br\/ppgeo\/wp-json\/wp\/v2\/posts"}],"about":[{"href":"https:\/\/www.posgraduacao.unimontes.br\/ppgeo\/wp-json\/wp\/v2\/types\/post"}],"author":[{"embeddable":true,"href":"https:\/\/www.posgraduacao.unimontes.br\/ppgeo\/wp-json\/wp\/v2\/users\/4"}],"replies":[{"embeddable":true,"href":"https:\/\/www.posgraduacao.unimontes.br\/ppgeo\/wp-json\/wp\/v2\/comments?post=3192"}],"version-history":[{"count":4,"href":"https:\/\/www.posgraduacao.unimontes.br\/ppgeo\/wp-json\/wp\/v2\/posts\/3192\/revisions"}],"predecessor-version":[{"id":3196,"href":"https:\/\/www.posgraduacao.unimontes.br\/ppgeo\/wp-json\/wp\/v2\/posts\/3192\/revisions\/3196"}],"wp:attachment":[{"href":"https:\/\/www.posgraduacao.unimontes.br\/ppgeo\/wp-json\/wp\/v2\/media?parent=3192"}],"wp:term":[{"taxonomy":"category","embeddable":true,"href":"https:\/\/www.posgraduacao.unimontes.br\/ppgeo\/wp-json\/wp\/v2\/categories?post=3192"},{"taxonomy":"post_tag","embeddable":true,"href":"https:\/\/www.posgraduacao.unimontes.br\/ppgeo\/wp-json\/wp\/v2\/tags?post=3192"}],"curies":[{"name":"wp","href":"https:\/\/api.w.org\/{rel}","templated":true}]}}