{"id":3172,"date":"2023-10-24T10:02:44","date_gmt":"2023-10-24T13:02:44","guid":{"rendered":"https:\/\/www.posgraduacao.unimontes.br\/ppgeo\/?p=3172"},"modified":"2023-12-15T10:06:34","modified_gmt":"2023-12-15T13:06:34","slug":"%f0%9f%8c%b1-revelando-o-semiarido-mineiro-lancamento-do-atlas-ambiental-e-agrario-pela-unimontes-%f0%9f%97%ba%ef%b8%8f","status":"publish","type":"post","link":"https:\/\/www.posgraduacao.unimontes.br\/ppgeo\/2023\/10\/24\/%f0%9f%8c%b1-revelando-o-semiarido-mineiro-lancamento-do-atlas-ambiental-e-agrario-pela-unimontes-%f0%9f%97%ba%ef%b8%8f\/","title":{"rendered":"\ud83c\udf31 Revelando o Semi\u00e1rido Mineiro: Lan\u00e7amento do &#8220;Atlas Ambiental e Agr\u00e1rio&#8221; pela Unimontes \ud83d\uddfa\ufe0f"},"content":{"rendered":"<section class=\"kc-elm kc-css-527607 kc_row\"><div class=\"kc-row-container  kc-container\"><div class=\"kc-wrap-columns\"><div class=\"kc-elm kc-css-130409 kc_col-sm-12 kc_column kc_col-sm-12\"><div class=\"kc-col-container\"><div class=\"kc-elm kc-css-782080 kc_text_block\"><p style=\"border: 0px solid #d9d9e3; box-sizing: border-box; --tw-border-spacing-x: 0; --tw-border-spacing-y: 0; --tw-translate-x: 0; --tw-translate-y: 0; --tw-rotate: 0; --tw-skew-x: 0; --tw-skew-y: 0; --tw-scale-x: 1; --tw-scale-y: 1; --tw-scroll-snap-strictness: proximity; --tw-ring-offset-width: 0px; --tw-ring-offset-color: #fff; --tw-ring-color: rgba(69,89,164,.5); --tw-ring-offset-shadow: 0 0 transparent; --tw-ring-shadow: 0 0 transparent; --tw-shadow: 0 0 transparent; --tw-shadow-colored: 0 0 transparent; margin: 1.25em 0px; color: #374151; font-family: S\u00f6hne, ui-sans-serif, system-ui, -apple-system, 'Segoe UI', Roboto, Ubuntu, Cantarell, 'Noto Sans', sans-serif, 'Helvetica Neue', Arial, 'Apple Color Emoji', 'Segoe UI Emoji', 'Segoe UI Symbol', 'Noto Color Emoji'; white-space-collapse: preserve;\"><img loading=\"lazy\" class=\"alignleft\" src=\"http:\/\/www.posgraduacao.unimontes.br\/uploads\/sites\/7\/2023\/12\/Imagem3.png\" alt=\"\" width=\"458\" height=\"440\" \/>\u00c9 com grande entusiasmo que anunciamos a publica\u00e7\u00e3o do &#8220;<a href=\"https:\/\/cdn.shopify.com\/s\/files\/1\/0490\/1715\/9829\/files\/EBOOK_Atlas_Agrario_e_Ambiental_do_Semiarido_Mineiro.pdf?v=1696632506\">Atlas Ambiental e Agr\u00e1rio do Semi\u00e1rido Mineiro<\/a>&#8220;, uma obra que reflete os esfor\u00e7os conjuntos do N\u00facleo de Estudos e Pesquisas Regionais e Agr\u00e1rios (NEPRA) da Unimontes. Este atlas representa n\u00e3o apenas um conjunto de mapas, mas sim uma materializa\u00e7\u00e3o de dedica\u00e7\u00e3o e compromisso com a compreens\u00e3o do campesinato em meio a constantes disputas e resist\u00eancias no Sert\u00e3o Mineiro.<\/p>\n<p style=\"border: 0px solid #d9d9e3; box-sizing: border-box; --tw-border-spacing-x: 0; --tw-border-spacing-y: 0; --tw-translate-x: 0; --tw-translate-y: 0; --tw-rotate: 0; --tw-skew-x: 0; --tw-skew-y: 0; --tw-scale-x: 1; --tw-scale-y: 1; --tw-scroll-snap-strictness: proximity; --tw-ring-offset-width: 0px; --tw-ring-offset-color: #fff; --tw-ring-color: rgba(69,89,164,.5); --tw-ring-offset-shadow: 0 0 transparent; --tw-ring-shadow: 0 0 transparent; --tw-shadow: 0 0 transparent; --tw-shadow-colored: 0 0 transparent; margin: 1.25em 0px; color: #374151; font-family: S\u00f6hne, ui-sans-serif, system-ui, -apple-system, 'Segoe UI', Roboto, Ubuntu, Cantarell, 'Noto Sans', sans-serif, 'Helvetica Neue', Arial, 'Apple Color Emoji', 'Segoe UI Emoji', 'Segoe UI Symbol', 'Noto Color Emoji'; white-space-collapse: preserve;\">O atlas \u00e9 uma produ\u00e7\u00e3o cartogr\u00e1fica que mergulha profundamente na realidade no campo, com um comprometimento evidente com os povos e popula\u00e7\u00f5es rurais e tradicionais presentes nos 209 munic\u00edpios que comp\u00f5em o Semi\u00e1rido Mineiro. Cada p\u00e1gina, cada mapa, conta a hist\u00f3ria, desafios e aspira\u00e7\u00f5es das comunidades que moldam essa regi\u00e3o \u00fanica e resiliente.<\/p>\n<p style=\"border: 0px solid #d9d9e3; box-sizing: border-box; --tw-border-spacing-x: 0; --tw-border-spacing-y: 0; --tw-translate-x: 0; --tw-translate-y: 0; --tw-rotate: 0; --tw-skew-x: 0; --tw-skew-y: 0; --tw-scale-x: 1; --tw-scale-y: 1; --tw-scroll-snap-strictness: proximity; --tw-ring-offset-width: 0px; --tw-ring-offset-color: #fff; --tw-ring-color: rgba(69,89,164,.5); --tw-ring-offset-shadow: 0 0 transparent; --tw-ring-shadow: 0 0 transparent; --tw-shadow: 0 0 transparent; --tw-shadow-colored: 0 0 transparent; margin: 1.25em 0px; color: #374151; font-family: S\u00f6hne, ui-sans-serif, system-ui, -apple-system, 'Segoe UI', Roboto, Ubuntu, Cantarell, 'Noto Sans', sans-serif, 'Helvetica Neue', Arial, 'Apple Color Emoji', 'Segoe UI Emoji', 'Segoe UI Symbol', 'Noto Color Emoji'; white-space-collapse: preserve;\">O NEPRA da Unimontes, ao liderar a constru\u00e7\u00e3o desse atlas, refor\u00e7a o compromisso com a universidade p\u00fablica em demarcar e construir a liberdade e autonomia no seu cotidiano. O atlas n\u00e3o \u00e9 apenas um registro geogr\u00e1fico, mas uma ferramenta para a promo\u00e7\u00e3o do conhecimento, da conscientiza\u00e7\u00e3o e, acima de tudo, da capacita\u00e7\u00e3o das comunidades para enfrentar os desafios espec\u00edficos desta regi\u00e3o.<\/p>\n<p style=\"border: 0px solid #d9d9e3; box-sizing: border-box; --tw-border-spacing-x: 0; --tw-border-spacing-y: 0; --tw-translate-x: 0; --tw-translate-y: 0; --tw-rotate: 0; --tw-skew-x: 0; --tw-skew-y: 0; --tw-scale-x: 1; --tw-scale-y: 1; --tw-scroll-snap-strictness: proximity; --tw-ring-offset-width: 0px; --tw-ring-offset-color: #fff; --tw-ring-color: rgba(69,89,164,.5); --tw-ring-offset-shadow: 0 0 transparent; --tw-ring-shadow: 0 0 transparent; --tw-shadow: 0 0 transparent; --tw-shadow-colored: 0 0 transparent; margin: 1.25em 0px; color: #374151; font-family: S\u00f6hne, ui-sans-serif, system-ui, -apple-system, 'Segoe UI', Roboto, Ubuntu, Cantarell, 'Noto Sans', sans-serif, 'Helvetica Neue', Arial, 'Apple Color Emoji', 'Segoe UI Emoji', 'Segoe UI Symbol', 'Noto Color Emoji'; white-space-collapse: preserve;\">Esta obra n\u00e3o apenas informa; ela inspira \u00e0 reflex\u00e3o sobre a interconex\u00e3o entre o meio ambiente, a agricultura e as comunidades que moldam o Semi\u00e1rido Mineiro. \u00c9 um convite para a sociedade, gestores p\u00fablicos, pesquisadores e cidad\u00e3os se envolverem ativamente na constru\u00e7\u00e3o de solu\u00e7\u00f5es sustent\u00e1veis e no fortalecimento das bases sociais e ambientais dessa regi\u00e3o singular.<\/p>\n<p style=\"border: 0px solid #d9d9e3; box-sizing: border-box; --tw-border-spacing-x: 0; --tw-border-spacing-y: 0; --tw-translate-x: 0; --tw-translate-y: 0; --tw-rotate: 0; --tw-skew-x: 0; --tw-skew-y: 0; --tw-scale-x: 1; --tw-scale-y: 1; --tw-scroll-snap-strictness: proximity; --tw-ring-offset-width: 0px; --tw-ring-offset-color: #fff; --tw-ring-color: rgba(69,89,164,.5); --tw-ring-offset-shadow: 0 0 transparent; --tw-ring-shadow: 0 0 transparent; --tw-shadow: 0 0 transparent; --tw-shadow-colored: 0 0 transparent; margin: 1.25em 0px; color: #374151; font-family: S\u00f6hne, ui-sans-serif, system-ui, -apple-system, 'Segoe UI', Roboto, Ubuntu, Cantarell, 'Noto Sans', sans-serif, 'Helvetica Neue', Arial, 'Apple Color Emoji', 'Segoe UI Emoji', 'Segoe UI Symbol', 'Noto Color Emoji'; white-space-collapse: preserve;\">Estamos empolgados em compartilhar essa obra significativa e convidamos a todos para explorar as riquezas deste atlas que, mais do que um guia geogr\u00e1fico, \u00e9 um convite para se conectar com a riqueza e diversidade do nosso Semi\u00e1rido.<\/p>\n<p style=\"border: 0px solid #d9d9e3; box-sizing: border-box; --tw-border-spacing-x: 0; --tw-border-spacing-y: 0; --tw-translate-x: 0; --tw-translate-y: 0; --tw-rotate: 0; --tw-skew-x: 0; --tw-skew-y: 0; --tw-scale-x: 1; --tw-scale-y: 1; --tw-scroll-snap-strictness: proximity; --tw-ring-offset-width: 0px; --tw-ring-offset-color: #fff; --tw-ring-color: rgba(69,89,164,.5); --tw-ring-offset-shadow: 0 0 transparent; --tw-ring-shadow: 0 0 transparent; --tw-shadow: 0 0 transparent; --tw-shadow-colored: 0 0 transparent; margin: 1.25em 0px; color: #374151; font-family: S\u00f6hne, ui-sans-serif, system-ui, -apple-system, 'Segoe UI', Roboto, Ubuntu, Cantarell, 'Noto Sans', sans-serif, 'Helvetica Neue', Arial, 'Apple Color Emoji', 'Segoe UI Emoji', 'Segoe UI Symbol', 'Noto Color Emoji'; white-space-collapse: preserve;\">\n<\/div><\/div><\/div><\/div><\/div><\/section>\n","protected":false},"excerpt":{"rendered":"","protected":false},"author":4,"featured_media":0,"comment_status":"closed","ping_status":"closed","sticky":false,"template":"","format":"standard","meta":[],"categories":[1],"tags":[37,10,13,20,29,41],"yoast_head":"<!-- This site is optimized with the Yoast SEO plugin v14.7 - https:\/\/yoast.com\/wordpress\/plugins\/seo\/ -->\n<title>\ud83c\udf31 Revelando o Semi\u00e1rido Mineiro: Lan\u00e7amento do &quot;Atlas Ambiental e Agr\u00e1rio&quot; pela Unimontes \ud83d\uddfa\ufe0f -<\/title>\n<meta name=\"robots\" content=\"index, follow\" \/>\n<meta name=\"googlebot\" content=\"index, follow, max-snippet:-1, max-image-preview:large, max-video-preview:-1\" \/>\n<meta name=\"bingbot\" content=\"index, follow, max-snippet:-1, max-image-preview:large, max-video-preview:-1\" \/>\n<link rel=\"canonical\" href=\"https:\/\/www.posgraduacao.unimontes.br\/ppgeo\/2023\/10\/24\/\ud83c\udf31-revelando-o-semiarido-mineiro-lancamento-do-atlas-ambiental-e-agrario-pela-unimontes-\ud83d\uddfa\ufe0f\/\" \/>\n<meta property=\"og:locale\" content=\"pt_BR\" \/>\n<meta property=\"og:type\" content=\"article\" \/>\n<meta property=\"og:title\" content=\"\ud83c\udf31 Revelando o Semi\u00e1rido Mineiro: Lan\u00e7amento do &quot;Atlas Ambiental e Agr\u00e1rio&quot; pela Unimontes \ud83d\uddfa\ufe0f -\" \/>\n<meta property=\"og:description\" content=\"\u00c9 com grande entusiasmo que anunciamos a publica\u00e7\u00e3o do &#8220;Atlas Ambiental e Agr\u00e1rio do Semi\u00e1rido Mineiro&#8220;, uma obra que reflete os esfor\u00e7os conjuntos do N\u00facleo de Estudos e Pesquisas Regionais e Agr\u00e1rios (NEPRA) da Unimontes. Este atlas representa n\u00e3o apenas um conjunto de mapas, mas sim uma materializa\u00e7\u00e3o de dedica\u00e7\u00e3o e compromisso com a compreens\u00e3o [&hellip;]\" \/>\n<meta property=\"og:url\" content=\"https:\/\/www.posgraduacao.unimontes.br\/ppgeo\/2023\/10\/24\/\ud83c\udf31-revelando-o-semiarido-mineiro-lancamento-do-atlas-ambiental-e-agrario-pela-unimontes-\ud83d\uddfa\ufe0f\/\" \/>\n<meta property=\"article:published_time\" content=\"2023-10-24T13:02:44+00:00\" \/>\n<meta property=\"article:modified_time\" content=\"2023-12-15T13:06:34+00:00\" \/>\n<meta property=\"og:image\" content=\"http:\/\/www.posgraduacao.unimontes.br\/uploads\/sites\/7\/2023\/12\/Imagem3.png\" \/>\n<meta name=\"twitter:card\" content=\"summary_large_image\" \/>\n<script type=\"application\/ld+json\" class=\"yoast-schema-graph\">{\"@context\":\"https:\/\/schema.org\",\"@graph\":[{\"@type\":\"WebSite\",\"@id\":\"https:\/\/www.posgraduacao.unimontes.br\/ppgeo\/#website\",\"url\":\"https:\/\/www.posgraduacao.unimontes.br\/ppgeo\/\",\"name\":\"\",\"description\":\"\",\"potentialAction\":[{\"@type\":\"SearchAction\",\"target\":\"https:\/\/www.posgraduacao.unimontes.br\/ppgeo\/?s={search_term_string}\",\"query-input\":\"required name=search_term_string\"}],\"inLanguage\":\"pt-BR\"},{\"@type\":\"ImageObject\",\"@id\":\"https:\/\/www.posgraduacao.unimontes.br\/ppgeo\/2023\/10\/24\/%f0%9f%8c%b1-revelando-o-semiarido-mineiro-lancamento-do-atlas-ambiental-e-agrario-pela-unimontes-%f0%9f%97%ba%ef%b8%8f\/#primaryimage\",\"inLanguage\":\"pt-BR\",\"url\":\"http:\/\/www.posgraduacao.unimontes.br\/uploads\/sites\/7\/2023\/12\/Imagem3.png\"},{\"@type\":\"WebPage\",\"@id\":\"https:\/\/www.posgraduacao.unimontes.br\/ppgeo\/2023\/10\/24\/%f0%9f%8c%b1-revelando-o-semiarido-mineiro-lancamento-do-atlas-ambiental-e-agrario-pela-unimontes-%f0%9f%97%ba%ef%b8%8f\/#webpage\",\"url\":\"https:\/\/www.posgraduacao.unimontes.br\/ppgeo\/2023\/10\/24\/%f0%9f%8c%b1-revelando-o-semiarido-mineiro-lancamento-do-atlas-ambiental-e-agrario-pela-unimontes-%f0%9f%97%ba%ef%b8%8f\/\",\"name\":\"\\ud83c\\udf31 Revelando o Semi\\u00e1rido Mineiro: Lan\\u00e7amento do \\\"Atlas Ambiental e Agr\\u00e1rio\\\" pela Unimontes \\ud83d\\uddfa\\ufe0f -\",\"isPartOf\":{\"@id\":\"https:\/\/www.posgraduacao.unimontes.br\/ppgeo\/#website\"},\"primaryImageOfPage\":{\"@id\":\"https:\/\/www.posgraduacao.unimontes.br\/ppgeo\/2023\/10\/24\/%f0%9f%8c%b1-revelando-o-semiarido-mineiro-lancamento-do-atlas-ambiental-e-agrario-pela-unimontes-%f0%9f%97%ba%ef%b8%8f\/#primaryimage\"},\"datePublished\":\"2023-10-24T13:02:44+00:00\",\"dateModified\":\"2023-12-15T13:06:34+00:00\",\"author\":{\"@id\":\"https:\/\/www.posgraduacao.unimontes.br\/ppgeo\/#\/schema\/person\/50bc6a92ec81c0fe3505bad1d108fb5e\"},\"inLanguage\":\"pt-BR\",\"potentialAction\":[{\"@type\":\"ReadAction\",\"target\":[\"https:\/\/www.posgraduacao.unimontes.br\/ppgeo\/2023\/10\/24\/%f0%9f%8c%b1-revelando-o-semiarido-mineiro-lancamento-do-atlas-ambiental-e-agrario-pela-unimontes-%f0%9f%97%ba%ef%b8%8f\/\"]}]},{\"@type\":[\"Person\"],\"@id\":\"https:\/\/www.posgraduacao.unimontes.br\/ppgeo\/#\/schema\/person\/50bc6a92ec81c0fe3505bad1d108fb5e\",\"name\":\"ppgeo\"}]}<\/script>\n<!-- \/ Yoast SEO plugin. -->","_links":{"self":[{"href":"https:\/\/www.posgraduacao.unimontes.br\/ppgeo\/wp-json\/wp\/v2\/posts\/3172"}],"collection":[{"href":"https:\/\/www.posgraduacao.unimontes.br\/ppgeo\/wp-json\/wp\/v2\/posts"}],"about":[{"href":"https:\/\/www.posgraduacao.unimontes.br\/ppgeo\/wp-json\/wp\/v2\/types\/post"}],"author":[{"embeddable":true,"href":"https:\/\/www.posgraduacao.unimontes.br\/ppgeo\/wp-json\/wp\/v2\/users\/4"}],"replies":[{"embeddable":true,"href":"https:\/\/www.posgraduacao.unimontes.br\/ppgeo\/wp-json\/wp\/v2\/comments?post=3172"}],"version-history":[{"count":4,"href":"https:\/\/www.posgraduacao.unimontes.br\/ppgeo\/wp-json\/wp\/v2\/posts\/3172\/revisions"}],"predecessor-version":[{"id":3177,"href":"https:\/\/www.posgraduacao.unimontes.br\/ppgeo\/wp-json\/wp\/v2\/posts\/3172\/revisions\/3177"}],"wp:attachment":[{"href":"https:\/\/www.posgraduacao.unimontes.br\/ppgeo\/wp-json\/wp\/v2\/media?parent=3172"}],"wp:term":[{"taxonomy":"category","embeddable":true,"href":"https:\/\/www.posgraduacao.unimontes.br\/ppgeo\/wp-json\/wp\/v2\/categories?post=3172"},{"taxonomy":"post_tag","embeddable":true,"href":"https:\/\/www.posgraduacao.unimontes.br\/ppgeo\/wp-json\/wp\/v2\/tags?post=3172"}],"curies":[{"name":"wp","href":"https:\/\/api.w.org\/{rel}","templated":true}]}}