{"id":3156,"date":"2023-11-15T09:15:12","date_gmt":"2023-11-15T12:15:12","guid":{"rendered":"https:\/\/www.posgraduacao.unimontes.br\/ppgeo\/?p=3156"},"modified":"2023-12-15T09:34:32","modified_gmt":"2023-12-15T12:34:32","slug":"%f0%9f%8e%89-boas-noticias-aprovacao-no-edital-editora-unimontes-1-2023-%f0%9f%93%9a","status":"publish","type":"post","link":"https:\/\/www.posgraduacao.unimontes.br\/ppgeo\/2023\/11\/15\/%f0%9f%8e%89-boas-noticias-aprovacao-no-edital-editora-unimontes-1-2023-%f0%9f%93%9a\/","title":{"rendered":"Boas Not\u00edcias! Aprova\u00e7\u00e3o no Edital Editora Unimontes 1\/2023 \ud83d\udcda"},"content":{"rendered":"<section class=\"kc-elm kc-css-956897 kc_row\"><div class=\"kc-row-container  kc-container\"><div class=\"kc-wrap-columns\"><div class=\"kc-elm kc-css-943876 kc_col-sm-12 kc_column kc_col-sm-12\"><div class=\"kc-col-container\"><div class=\"kc-elm kc-css-805566 kc_text_block\"><p style=\"border: 0px solid #d9d9e3; box-sizing: border-box; --tw-border-spacing-x: 0; --tw-border-spacing-y: 0; --tw-translate-x: 0; --tw-translate-y: 0; --tw-rotate: 0; --tw-skew-x: 0; --tw-skew-y: 0; --tw-scale-x: 1; --tw-scale-y: 1; --tw-scroll-snap-strictness: proximity; --tw-ring-offset-width: 0px; --tw-ring-offset-color: #fff; --tw-ring-color: rgba(69,89,164,.5); --tw-ring-offset-shadow: 0 0 transparent; --tw-ring-shadow: 0 0 transparent; --tw-shadow: 0 0 transparent; --tw-shadow-colored: 0 0 transparent; margin: 1.25em 0px; color: #374151; font-family: S\u00f6hne, ui-sans-serif, system-ui, -apple-system, 'Segoe UI', Roboto, Ubuntu, Cantarell, 'Noto Sans', sans-serif, 'Helvetica Neue', Arial, 'Apple Color Emoji', 'Segoe UI Emoji', 'Segoe UI Symbol', 'Noto Color Emoji'; white-space-collapse: preserve;\"><img loading=\"lazy\" class=\"alignleft\" src=\"http:\/\/www.posgraduacao.unimontes.br\/uploads\/sites\/7\/2023\/12\/Dia-Mundial-do-livro-livros-antigos-post-do-instagram.png\" alt=\"\" width=\"458\" height=\"458\" \/>\u00c9 com imensa alegria que compartilhamos a excelente not\u00edcia de que a proposta &#8220;Atlas Urbano e Regional: pequenas cidades da regi\u00e3o geogr\u00e1fica intermedi\u00e1ria de Montes Claros\/RGINT\/MOC\" foi escolhida pelo Conselho Editorial para publica\u00e7\u00e3o no \u00e2mbito do Edital 1\/2023 da Editora Unimontes. Essa conquista reflete n\u00e3o apenas a qualidade da proposta, mas tamb\u00e9m o comprometimento e a dedica\u00e7\u00e3o dos envolvidos.<\/p>\n<p style=\"border: 0px solid #d9d9e3; box-sizing: border-box; --tw-border-spacing-x: 0; --tw-border-spacing-y: 0; --tw-translate-x: 0; --tw-translate-y: 0; --tw-rotate: 0; --tw-skew-x: 0; --tw-skew-y: 0; --tw-scale-x: 1; --tw-scale-y: 1; --tw-scroll-snap-strictness: proximity; --tw-ring-offset-width: 0px; --tw-ring-offset-color: #fff; --tw-ring-color: rgba(69,89,164,.5); --tw-ring-offset-shadow: 0 0 transparent; --tw-ring-shadow: 0 0 transparent; --tw-shadow: 0 0 transparent; --tw-shadow-colored: 0 0 transparent; margin: 1.25em 0px; color: #374151; font-family: S\u00f6hne, ui-sans-serif, system-ui, -apple-system, 'Segoe UI', Roboto, Ubuntu, Cantarell, 'Noto Sans', sans-serif, 'Helvetica Neue', Arial, 'Apple Color Emoji', 'Segoe UI Emoji', 'Segoe UI Symbol', 'Noto Color Emoji'; white-space-collapse: preserve;\">A iniciativa, organizada pela Profa. Dra. Iara Soares de Fran\u00e7a, ganhou destaque e reconhecimento, demonstrando o potencial de contribui\u00e7\u00e3o para o conhecimento geogr\u00e1fico regional. O &#8220;Atlas Urbano e Regional\" promete ser uma valiosa adi\u00e7\u00e3o ao acervo acad\u00eamico, proporcionando insights significativos sobre as pequenas cidades da regi\u00e3o geogr\u00e1fica intermedi\u00e1ria de Montes Claros.<\/p>\n<p style=\"border: 0px solid #d9d9e3; box-sizing: border-box; --tw-border-spacing-x: 0; --tw-border-spacing-y: 0; --tw-translate-x: 0; --tw-translate-y: 0; --tw-rotate: 0; --tw-skew-x: 0; --tw-skew-y: 0; --tw-scale-x: 1; --tw-scale-y: 1; --tw-scroll-snap-strictness: proximity; --tw-ring-offset-width: 0px; --tw-ring-offset-color: #fff; --tw-ring-color: rgba(69,89,164,.5); --tw-ring-offset-shadow: 0 0 transparent; --tw-ring-shadow: 0 0 transparent; --tw-shadow: 0 0 transparent; --tw-shadow-colored: 0 0 transparent; margin: 1.25em 0px; color: #374151; font-family: S\u00f6hne, ui-sans-serif, system-ui, -apple-system, 'Segoe UI', Roboto, Ubuntu, Cantarell, 'Noto Sans', sans-serif, 'Helvetica Neue', Arial, 'Apple Color Emoji', 'Segoe UI Emoji', 'Segoe UI Symbol', 'Noto Color Emoji'; white-space-collapse: preserve;\">Al\u00e9m disso, temos o prazer de anunciar que o livro &#8220;Geografia, desenvolvimento e luta pol\u00edtica: leituras contempor\u00e2neas\", organizado pelo professor Luiz Andrei Gon\u00e7alves Pereira, tamb\u00e9m foi aprovado para publica\u00e7\u00e3o. Este livro promete oferecer leituras contempor\u00e2neas e perspicazes sobre a interse\u00e7\u00e3o entre geografia, desenvolvimento e luta pol\u00edtica.<\/p>\n<p style=\"border: 0px solid #d9d9e3; box-sizing: border-box; --tw-border-spacing-x: 0; --tw-border-spacing-y: 0; --tw-translate-x: 0; --tw-translate-y: 0; --tw-rotate: 0; --tw-skew-x: 0; --tw-skew-y: 0; --tw-scale-x: 1; --tw-scale-y: 1; --tw-scroll-snap-strictness: proximity; --tw-ring-offset-width: 0px; --tw-ring-offset-color: #fff; --tw-ring-color: rgba(69,89,164,.5); --tw-ring-offset-shadow: 0 0 transparent; --tw-ring-shadow: 0 0 transparent; --tw-shadow: 0 0 transparent; --tw-shadow-colored: 0 0 transparent; margin: 1.25em 0px; color: #374151; font-family: S\u00f6hne, ui-sans-serif, system-ui, -apple-system, 'Segoe UI', Roboto, Ubuntu, Cantarell, 'Noto Sans', sans-serif, 'Helvetica Neue', Arial, 'Apple Color Emoji', 'Segoe UI Emoji', 'Segoe UI Symbol', 'Noto Color Emoji'; white-space-collapse: preserve;\">Esses projetos selecionados evidenciam n\u00e3o apenas a riqueza e diversidade das pesquisas realizadas na nossa comunidade acad\u00eamica, mas tamb\u00e9m a import\u00e2ncia de promover o conhecimento local e regional. A Editora Unimontes, ao apoiar essas iniciativas, refor\u00e7a seu compromisso com a dissemina\u00e7\u00e3o do saber e o enriquecimento do debate cient\u00edfico.<\/p>\n<p style=\"border: 0px solid #d9d9e3; box-sizing: border-box; --tw-border-spacing-x: 0; --tw-border-spacing-y: 0; --tw-translate-x: 0; --tw-translate-y: 0; --tw-rotate: 0; --tw-skew-x: 0; --tw-skew-y: 0; --tw-scale-x: 1; --tw-scale-y: 1; --tw-scroll-snap-strictness: proximity; --tw-ring-offset-width: 0px; --tw-ring-offset-color: #fff; --tw-ring-color: rgba(69,89,164,.5); --tw-ring-offset-shadow: 0 0 transparent; --tw-ring-shadow: 0 0 transparent; --tw-shadow: 0 0 transparent; --tw-shadow-colored: 0 0 transparent; margin: 1.25em 0px; color: #374151; font-family: S\u00f6hne, ui-sans-serif, system-ui, -apple-system, 'Segoe UI', Roboto, Ubuntu, Cantarell, 'Noto Sans', sans-serif, 'Helvetica Neue', Arial, 'Apple Color Emoji', 'Segoe UI Emoji', 'Segoe UI Symbol', 'Noto Color Emoji'; white-space-collapse: preserve;\">Parab\u00e9ns aos envolvidos nas propostas aprovadas! Agradecemos a todos os participantes do processo seletivo e refor\u00e7amos nosso compromisso em continuar apoiando e celebrando as realiza\u00e7\u00f5es acad\u00eamicas da nossa comunidade.<\/p>\n<\/div><\/div><\/div><\/div><\/div><\/section>\n","protected":false},"excerpt":{"rendered":"","protected":false},"author":4,"featured_media":0,"comment_status":"closed","ping_status":"closed","sticky":false,"template":"","format":"standard","meta":[],"categories":[1],"tags":[10,39,20,34,27,30],"yoast_head":"<!-- This site is optimized with the Yoast SEO plugin v14.7 - https:\/\/yoast.com\/wordpress\/plugins\/seo\/ -->\n<title>Boas Not\u00edcias! Aprova\u00e7\u00e3o no Edital Editora Unimontes 1\/2023 \ud83d\udcda -<\/title>\n<meta name=\"robots\" content=\"index, follow\" \/>\n<meta name=\"googlebot\" content=\"index, follow, max-snippet:-1, max-image-preview:large, max-video-preview:-1\" \/>\n<meta name=\"bingbot\" content=\"index, follow, max-snippet:-1, max-image-preview:large, max-video-preview:-1\" \/>\n<link rel=\"canonical\" href=\"https:\/\/www.posgraduacao.unimontes.br\/ppgeo\/2023\/11\/15\/\ud83c\udf89-boas-noticias-aprovacao-no-edital-editora-unimontes-1-2023-\ud83d\udcda\/\" \/>\n<meta property=\"og:locale\" content=\"pt_BR\" \/>\n<meta property=\"og:type\" content=\"article\" \/>\n<meta property=\"og:title\" content=\"Boas Not\u00edcias! Aprova\u00e7\u00e3o no Edital Editora Unimontes 1\/2023 \ud83d\udcda -\" \/>\n<meta property=\"og:description\" content=\"\u00c9 com imensa alegria que compartilhamos a excelente not\u00edcia de que a proposta &#8220;Atlas Urbano e Regional: pequenas cidades da regi\u00e3o geogr\u00e1fica intermedi\u00e1ria de Montes Claros\/RGINT\/MOC&#8221; foi escolhida pelo Conselho Editorial para publica\u00e7\u00e3o no \u00e2mbito do Edital 1\/2023 da Editora Unimontes. Essa conquista reflete n\u00e3o apenas a qualidade da proposta, mas tamb\u00e9m o comprometimento e [&hellip;]\" \/>\n<meta property=\"og:url\" content=\"https:\/\/www.posgraduacao.unimontes.br\/ppgeo\/2023\/11\/15\/\ud83c\udf89-boas-noticias-aprovacao-no-edital-editora-unimontes-1-2023-\ud83d\udcda\/\" \/>\n<meta property=\"article:published_time\" content=\"2023-11-15T12:15:12+00:00\" \/>\n<meta property=\"article:modified_time\" content=\"2023-12-15T12:34:32+00:00\" \/>\n<meta property=\"og:image\" content=\"http:\/\/www.posgraduacao.unimontes.br\/uploads\/sites\/7\/2023\/12\/Dia-Mundial-do-livro-livros-antigos-post-do-instagram.png\" \/>\n<meta name=\"twitter:card\" content=\"summary_large_image\" \/>\n<script type=\"application\/ld+json\" class=\"yoast-schema-graph\">{\"@context\":\"https:\/\/schema.org\",\"@graph\":[{\"@type\":\"WebSite\",\"@id\":\"https:\/\/www.posgraduacao.unimontes.br\/ppgeo\/#website\",\"url\":\"https:\/\/www.posgraduacao.unimontes.br\/ppgeo\/\",\"name\":\"\",\"description\":\"\",\"potentialAction\":[{\"@type\":\"SearchAction\",\"target\":\"https:\/\/www.posgraduacao.unimontes.br\/ppgeo\/?s={search_term_string}\",\"query-input\":\"required name=search_term_string\"}],\"inLanguage\":\"pt-BR\"},{\"@type\":\"ImageObject\",\"@id\":\"https:\/\/www.posgraduacao.unimontes.br\/ppgeo\/2023\/11\/15\/%f0%9f%8e%89-boas-noticias-aprovacao-no-edital-editora-unimontes-1-2023-%f0%9f%93%9a\/#primaryimage\",\"inLanguage\":\"pt-BR\",\"url\":\"http:\/\/www.posgraduacao.unimontes.br\/uploads\/sites\/7\/2023\/12\/Dia-Mundial-do-livro-livros-antigos-post-do-instagram.png\"},{\"@type\":\"WebPage\",\"@id\":\"https:\/\/www.posgraduacao.unimontes.br\/ppgeo\/2023\/11\/15\/%f0%9f%8e%89-boas-noticias-aprovacao-no-edital-editora-unimontes-1-2023-%f0%9f%93%9a\/#webpage\",\"url\":\"https:\/\/www.posgraduacao.unimontes.br\/ppgeo\/2023\/11\/15\/%f0%9f%8e%89-boas-noticias-aprovacao-no-edital-editora-unimontes-1-2023-%f0%9f%93%9a\/\",\"name\":\"Boas Not\\u00edcias! Aprova\\u00e7\\u00e3o no Edital Editora Unimontes 1\/2023 \\ud83d\\udcda -\",\"isPartOf\":{\"@id\":\"https:\/\/www.posgraduacao.unimontes.br\/ppgeo\/#website\"},\"primaryImageOfPage\":{\"@id\":\"https:\/\/www.posgraduacao.unimontes.br\/ppgeo\/2023\/11\/15\/%f0%9f%8e%89-boas-noticias-aprovacao-no-edital-editora-unimontes-1-2023-%f0%9f%93%9a\/#primaryimage\"},\"datePublished\":\"2023-11-15T12:15:12+00:00\",\"dateModified\":\"2023-12-15T12:34:32+00:00\",\"author\":{\"@id\":\"https:\/\/www.posgraduacao.unimontes.br\/ppgeo\/#\/schema\/person\/50bc6a92ec81c0fe3505bad1d108fb5e\"},\"inLanguage\":\"pt-BR\",\"potentialAction\":[{\"@type\":\"ReadAction\",\"target\":[\"https:\/\/www.posgraduacao.unimontes.br\/ppgeo\/2023\/11\/15\/%f0%9f%8e%89-boas-noticias-aprovacao-no-edital-editora-unimontes-1-2023-%f0%9f%93%9a\/\"]}]},{\"@type\":[\"Person\"],\"@id\":\"https:\/\/www.posgraduacao.unimontes.br\/ppgeo\/#\/schema\/person\/50bc6a92ec81c0fe3505bad1d108fb5e\",\"name\":\"ppgeo\"}]}<\/script>\n<!-- \/ Yoast SEO plugin. -->","_links":{"self":[{"href":"https:\/\/www.posgraduacao.unimontes.br\/ppgeo\/wp-json\/wp\/v2\/posts\/3156"}],"collection":[{"href":"https:\/\/www.posgraduacao.unimontes.br\/ppgeo\/wp-json\/wp\/v2\/posts"}],"about":[{"href":"https:\/\/www.posgraduacao.unimontes.br\/ppgeo\/wp-json\/wp\/v2\/types\/post"}],"author":[{"embeddable":true,"href":"https:\/\/www.posgraduacao.unimontes.br\/ppgeo\/wp-json\/wp\/v2\/users\/4"}],"replies":[{"embeddable":true,"href":"https:\/\/www.posgraduacao.unimontes.br\/ppgeo\/wp-json\/wp\/v2\/comments?post=3156"}],"version-history":[{"count":7,"href":"https:\/\/www.posgraduacao.unimontes.br\/ppgeo\/wp-json\/wp\/v2\/posts\/3156\/revisions"}],"predecessor-version":[{"id":3164,"href":"https:\/\/www.posgraduacao.unimontes.br\/ppgeo\/wp-json\/wp\/v2\/posts\/3156\/revisions\/3164"}],"wp:attachment":[{"href":"https:\/\/www.posgraduacao.unimontes.br\/ppgeo\/wp-json\/wp\/v2\/media?parent=3156"}],"wp:term":[{"taxonomy":"category","embeddable":true,"href":"https:\/\/www.posgraduacao.unimontes.br\/ppgeo\/wp-json\/wp\/v2\/categories?post=3156"},{"taxonomy":"post_tag","embeddable":true,"href":"https:\/\/www.posgraduacao.unimontes.br\/ppgeo\/wp-json\/wp\/v2\/tags?post=3156"}],"curies":[{"name":"wp","href":"https:\/\/api.w.org\/{rel}","templated":true}]}}