{"id":3058,"date":"2023-08-17T10:54:05","date_gmt":"2023-08-17T13:54:05","guid":{"rendered":"https:\/\/www.posgraduacao.unimontes.br\/ppgeo\/?p=3058"},"modified":"2023-08-17T10:57:36","modified_gmt":"2023-08-17T13:57:36","slug":"participacao-na-conferencia-perspectivas-da-democracia","status":"publish","type":"post","link":"https:\/\/www.posgraduacao.unimontes.br\/ppgeo\/2023\/08\/17\/participacao-na-conferencia-perspectivas-da-democracia\/","title":{"rendered":"Participa\u00e7\u00e3o na Confer\u00eancia &#8220;Perspectivas da Democracia&#8221;"},"content":{"rendered":"<section class=\"kc-elm kc-css-883174 kc_row\"><div class=\"kc-row-container  kc-container\"><div class=\"kc-wrap-columns\"><div class=\"kc-elm kc-css-847570 kc_col-sm-12 kc_column kc_col-sm-12\"><div class=\"kc-col-container\"><div class=\"kc-elm kc-css-984282 kc_text_block\"><p><img loading=\"lazy\" class=\"alignleft\" src=\"http:\/\/www.posgraduacao.unimontes.br\/uploads\/sites\/7\/2023\/08\/Collage-of-A-Girl-Reading-Books-Mood-Instagram-Feed-Collage-9-Photos.png\" alt=\"\" width=\"431\" height=\"431\" \/>Compartilhamos a participa\u00e7\u00e3o da Profa. Dra. Iara Soares de Fran\u00e7a e dos estudantes da disciplina &#8220;Teorias da Urbaniza\u00e7\u00e3o e Planejamento Urbano Contempor\u00e2neo\" (PPGEO, PPGSAT) no VI Encontro das Ci\u00eancias Sociais no Norte de Minas. Durante o evento, eles interagiram com o Prof. Dr. Carlos R. F. de Melo (UFMG) na Confer\u00eancia sobre &#8220;Perspectivas da Democracia no Brasil e no Mundo\". A troca de ideias enriqueceu a compreens\u00e3o das din\u00e2micas sociais atuais e refor\u00e7ou nosso compromisso com a forma\u00e7\u00e3o acad\u00eamica. A participa\u00e7\u00e3o em eventos como este \u00e9 crucial para fomentar discuss\u00f5es relevantes e aprimorar nosso conhecimento.<\/p>\n<\/div><\/div><\/div><\/div><\/div><\/section>\n","protected":false},"excerpt":{"rendered":"","protected":false},"author":4,"featured_media":0,"comment_status":"closed","ping_status":"closed","sticky":false,"template":"","format":"standard","meta":[],"categories":[1],"tags":[17,18,19,13,20,16,11],"yoast_head":"<!-- This site is optimized with the Yoast SEO plugin v14.7 - https:\/\/yoast.com\/wordpress\/plugins\/seo\/ -->\n<title>Participa\u00e7\u00e3o na Confer\u00eancia &quot;Perspectivas da Democracia&quot; -<\/title>\n<meta name=\"robots\" content=\"index, follow\" \/>\n<meta name=\"googlebot\" content=\"index, follow, max-snippet:-1, max-image-preview:large, max-video-preview:-1\" \/>\n<meta name=\"bingbot\" content=\"index, follow, max-snippet:-1, max-image-preview:large, max-video-preview:-1\" \/>\n<link rel=\"canonical\" href=\"https:\/\/www.posgraduacao.unimontes.br\/ppgeo\/2023\/08\/17\/participacao-na-conferencia-perspectivas-da-democracia\/\" \/>\n<meta property=\"og:locale\" content=\"pt_BR\" \/>\n<meta property=\"og:type\" content=\"article\" \/>\n<meta property=\"og:title\" content=\"Participa\u00e7\u00e3o na Confer\u00eancia &quot;Perspectivas da Democracia&quot; -\" \/>\n<meta property=\"og:description\" content=\"Compartilhamos a participa\u00e7\u00e3o da Profa. Dra. Iara Soares de Fran\u00e7a e dos estudantes da disciplina &#8220;Teorias da Urbaniza\u00e7\u00e3o e Planejamento Urbano Contempor\u00e2neo&#8221; (PPGEO, PPGSAT) no VI Encontro das Ci\u00eancias Sociais no Norte de Minas. Durante o evento, eles interagiram com o Prof. Dr. Carlos R. F. de Melo (UFMG) na Confer\u00eancia sobre &#8220;Perspectivas da Democracia [&hellip;]\" \/>\n<meta property=\"og:url\" content=\"https:\/\/www.posgraduacao.unimontes.br\/ppgeo\/2023\/08\/17\/participacao-na-conferencia-perspectivas-da-democracia\/\" \/>\n<meta property=\"article:published_time\" content=\"2023-08-17T13:54:05+00:00\" \/>\n<meta property=\"article:modified_time\" content=\"2023-08-17T13:57:36+00:00\" \/>\n<meta property=\"og:image\" content=\"http:\/\/www.posgraduacao.unimontes.br\/uploads\/sites\/7\/2023\/08\/Collage-of-A-Girl-Reading-Books-Mood-Instagram-Feed-Collage-9-Photos.png\" \/>\n<meta name=\"twitter:card\" content=\"summary_large_image\" \/>\n<script type=\"application\/ld+json\" class=\"yoast-schema-graph\">{\"@context\":\"https:\/\/schema.org\",\"@graph\":[{\"@type\":\"WebSite\",\"@id\":\"https:\/\/www.posgraduacao.unimontes.br\/ppgeo\/#website\",\"url\":\"https:\/\/www.posgraduacao.unimontes.br\/ppgeo\/\",\"name\":\"\",\"description\":\"\",\"potentialAction\":[{\"@type\":\"SearchAction\",\"target\":\"https:\/\/www.posgraduacao.unimontes.br\/ppgeo\/?s={search_term_string}\",\"query-input\":\"required name=search_term_string\"}],\"inLanguage\":\"pt-BR\"},{\"@type\":\"ImageObject\",\"@id\":\"https:\/\/www.posgraduacao.unimontes.br\/ppgeo\/2023\/08\/17\/participacao-na-conferencia-perspectivas-da-democracia\/#primaryimage\",\"inLanguage\":\"pt-BR\",\"url\":\"http:\/\/www.posgraduacao.unimontes.br\/uploads\/sites\/7\/2023\/08\/Collage-of-A-Girl-Reading-Books-Mood-Instagram-Feed-Collage-9-Photos.png\"},{\"@type\":\"WebPage\",\"@id\":\"https:\/\/www.posgraduacao.unimontes.br\/ppgeo\/2023\/08\/17\/participacao-na-conferencia-perspectivas-da-democracia\/#webpage\",\"url\":\"https:\/\/www.posgraduacao.unimontes.br\/ppgeo\/2023\/08\/17\/participacao-na-conferencia-perspectivas-da-democracia\/\",\"name\":\"Participa\\u00e7\\u00e3o na Confer\\u00eancia \\\"Perspectivas da Democracia\\\" -\",\"isPartOf\":{\"@id\":\"https:\/\/www.posgraduacao.unimontes.br\/ppgeo\/#website\"},\"primaryImageOfPage\":{\"@id\":\"https:\/\/www.posgraduacao.unimontes.br\/ppgeo\/2023\/08\/17\/participacao-na-conferencia-perspectivas-da-democracia\/#primaryimage\"},\"datePublished\":\"2023-08-17T13:54:05+00:00\",\"dateModified\":\"2023-08-17T13:57:36+00:00\",\"author\":{\"@id\":\"https:\/\/www.posgraduacao.unimontes.br\/ppgeo\/#\/schema\/person\/50bc6a92ec81c0fe3505bad1d108fb5e\"},\"inLanguage\":\"pt-BR\",\"potentialAction\":[{\"@type\":\"ReadAction\",\"target\":[\"https:\/\/www.posgraduacao.unimontes.br\/ppgeo\/2023\/08\/17\/participacao-na-conferencia-perspectivas-da-democracia\/\"]}]},{\"@type\":[\"Person\"],\"@id\":\"https:\/\/www.posgraduacao.unimontes.br\/ppgeo\/#\/schema\/person\/50bc6a92ec81c0fe3505bad1d108fb5e\",\"name\":\"ppgeo\"}]}<\/script>\n<!-- \/ Yoast SEO plugin. -->","_links":{"self":[{"href":"https:\/\/www.posgraduacao.unimontes.br\/ppgeo\/wp-json\/wp\/v2\/posts\/3058"}],"collection":[{"href":"https:\/\/www.posgraduacao.unimontes.br\/ppgeo\/wp-json\/wp\/v2\/posts"}],"about":[{"href":"https:\/\/www.posgraduacao.unimontes.br\/ppgeo\/wp-json\/wp\/v2\/types\/post"}],"author":[{"embeddable":true,"href":"https:\/\/www.posgraduacao.unimontes.br\/ppgeo\/wp-json\/wp\/v2\/users\/4"}],"replies":[{"embeddable":true,"href":"https:\/\/www.posgraduacao.unimontes.br\/ppgeo\/wp-json\/wp\/v2\/comments?post=3058"}],"version-history":[{"count":3,"href":"https:\/\/www.posgraduacao.unimontes.br\/ppgeo\/wp-json\/wp\/v2\/posts\/3058\/revisions"}],"predecessor-version":[{"id":3062,"href":"https:\/\/www.posgraduacao.unimontes.br\/ppgeo\/wp-json\/wp\/v2\/posts\/3058\/revisions\/3062"}],"wp:attachment":[{"href":"https:\/\/www.posgraduacao.unimontes.br\/ppgeo\/wp-json\/wp\/v2\/media?parent=3058"}],"wp:term":[{"taxonomy":"category","embeddable":true,"href":"https:\/\/www.posgraduacao.unimontes.br\/ppgeo\/wp-json\/wp\/v2\/categories?post=3058"},{"taxonomy":"post_tag","embeddable":true,"href":"https:\/\/www.posgraduacao.unimontes.br\/ppgeo\/wp-json\/wp\/v2\/tags?post=3058"}],"curies":[{"name":"wp","href":"https:\/\/api.w.org\/{rel}","templated":true}]}}