{"id":2188,"date":"2023-10-27T16:03:12","date_gmt":"2023-10-27T19:03:12","guid":{"rendered":"https:\/\/www.posgraduacao.unimontes.br\/ppgcps\/?p=2188"},"modified":"2024-10-17T11:53:57","modified_gmt":"2024-10-17T14:53:57","slug":"processo-seletivo-mestrado-profissional-em-cuidado-primario-em-saude","status":"publish","type":"post","link":"https:\/\/www.posgraduacao.unimontes.br\/ppgcps\/2023\/10\/27\/processo-seletivo-mestrado-profissional-em-cuidado-primario-em-saude\/","title":{"rendered":"Processo Seletivo \u2013 Mestrado Profissional em Cuidado Prim\u00e1rio em Sa\u00fade (2023\/2024)"},"content":{"rendered":"<section class=\"kc-elm kc-css-621433 kc_row\"><div class=\"kc-row-container  kc-container\"><div class=\"kc-wrap-columns\"><div class=\"kc-elm kc-css-558802 kc_col-sm-12 kc_column kc_col-sm-12\"><div class=\"kc-col-container\"><div class=\"kc-elm kc-css-583063\" style=\"height: 20px; clear: both; width:100%;\"><\/div>\n<div class=\"kc-elm kc-css-692957\">\n\t<a class=\"kc_button\" href=\"https:\/\/www.posgraduacao.unimontes.br\/ppgcps\/4a-chamada-da-lista-de-espera\/\" target=\"_blank\" title=\"\" onclick=\"\">\n\t\t4\u00b0 Chamada da lista de espera \t<\/a>\n<\/div>\n<div class=\"kc-elm kc-css-961085\" style=\"height: 20px; clear: both; width:100%;\"><\/div>\n<div class=\"kc-elm kc-css-39202\">\n\t<a class=\"kc_button\" href=\"https:\/\/www.posgraduacao.unimontes.br\/ppgcps\/3a-chamada-da-lista-de-espera\/\" target=\"_blank\" title=\"\" onclick=\"\">\n\t\t3\u00b0 Chamada da lista de espera \t<\/a>\n<\/div>\n<div class=\"kc-elm kc-css-130087\" style=\"height: 20px; clear: both; width:100%;\"><\/div>\n<div class=\"kc-elm kc-css-416483\">\n\t<a class=\"kc_button\" href=\"https:\/\/www.posgraduacao.unimontes.br\/ppgcps\/2a-chamada-da-lista-de-espera-ppgcps\/\" target=\"_blank\" title=\"\" onclick=\"\">\n\t\t2\u00b0 Chamada da lista de espera \t<\/a>\n<\/div>\n<div class=\"kc-elm kc-css-31173\" style=\"height: 20px; clear: both; width:100%;\"><\/div>\n<div class=\"kc-elm kc-css-419766\">\n\t<a class=\"kc_button\" href=\"https:\/\/www.posgraduacao.unimontes.br\/ppgcps\/1-chamada-da-lista-de-espera-_-pos-graduacao-em-cuidado-primario-em-saude\/\" target=\"_blank\" title=\"\" onclick=\"\">\n\t\t1\u00b0 Chamada da lista de espera \t<\/a>\n<\/div>\n<div class=\"kc-elm kc-css-305208\" style=\"height: 20px; clear: both; width:100%;\"><\/div>\n<div class=\"kc-elm kc-css-310443\">\n\t<a class=\"kc_button\" href=\"https:\/\/www.posgraduacao.unimontes.br\/ppgcps\/resultado-final-2o-retificado-pos-graduacao-em-cuidado-primario-em-saude\/\" target=\"_blank\" title=\"\" onclick=\"\">\n\t\t2\u00b0 Retifica\u00e7\u00e3o do Resultado Final\t<\/a>\n<\/div>\n<div class=\"kc-elm kc-css-800571\" style=\"height: 20px; clear: both; width:100%;\"><\/div>\n<div class=\"kc-elm kc-css-581958\">\n\t<a class=\"kc_button\" href=\"https:\/\/www.posgraduacao.unimontes.br\/ppgcps\/retificado-resultado-final-_apos-recurso_\/\" target=\"_blank\" title=\"\" onclick=\"\">\n\t\tResultado Final (Retificado)\t<\/a>\n<\/div>\n<div class=\"kc-elm kc-css-657719\" style=\"height: 20px; clear: both; width:100%;\"><\/div>\n<div class=\"kc-elm kc-css-954312\">\n\t<a class=\"kc_button\" href=\"https:\/\/www.posgraduacao.unimontes.br\/ppgcps\/resultado-final-_apos-recurso_\/\" target=\"_blank\" title=\"\" onclick=\"\">\n\t\tResultado Final \t<\/a>\n<\/div>\n<div class=\"kc-elm kc-css-530479\" style=\"height: 20px; clear: both; width:100%;\"><\/div>\n<div class=\"kc-elm kc-css-411049\">\n\t<a class=\"kc_button\" href=\"https:\/\/www.posgraduacao.unimontes.br\/ppgcps\/resultado-final-retificado-ppgcps_2023-2024\/\" target=\"_blank\" title=\"\" onclick=\"\">\n\t\tResultado Preliminar (Retificado)\t<\/a>\n<\/div>\n<div class=\"kc-elm kc-css-844592\" style=\"height: 20px; clear: both; width:100%;\"><\/div>\n<div class=\"kc-elm kc-css-936675\">\n\t<a class=\"kc_button\" href=\"https:\/\/www.posgraduacao.unimontes.br\/ppgcps\/resultados-dos-recurssos-ppgcps\/\" target=\"_blank\" title=\"\" onclick=\"\">\n\t\tResultado dos Recursos\t<\/a>\n<\/div>\n<div class=\"kc-elm kc-css-93448\" style=\"height: 20px; clear: both; width:100%;\"><\/div>\n<div class=\"kc-elm kc-css-291925\">\n\t<a class=\"kc_button\" href=\"https:\/\/www.posgraduacao.unimontes.br\/ppgcps\/resultado_final_ppgcps_2023-2023_unimontes\/\" target=\"_blank\" title=\"\" onclick=\"\">\n\t\tResultado Preliminar\t<\/a>\n<\/div>\n<div class=\"kc-elm kc-css-206400\" style=\"height: 20px; clear: both; width:100%;\"><\/div>\n<div class=\"kc-elm kc-css-861588\">\n\t<a class=\"kc_button\" href=\"https:\/\/www.posgraduacao.unimontes.br\/ppgcps\/lista-de-candidatos-aptos-e-nao-aptos-edital-processo-seletivo-ppgcps-2023-2024-apos-recursos\/\" target=\"_blank\" title=\"\" onclick=\"\">\n\t\tCandidatos aptos a participar do processo seletivo - AP\u00d3S RECURSOS\t<\/a>\n<\/div>\n<div class=\"kc-elm kc-css-427024\" style=\"height: 20px; clear: both; width:100%;\"><\/div>\n<div class=\"kc-elm kc-css-895984\">\n\t<a class=\"kc_button\" href=\"https:\/\/www.posgraduacao.unimontes.br\/ppgcps\/1a-retificacao-edital-do-processo-seletivo-do-programa-de-pos-graduacao-em-cuidado-primario-em-saude\/\" target=\"_blank\" title=\"\" onclick=\"\">\n\t\t1\u00aa Retifica\u00e7\u00e3o do Edital\t<\/a>\n<\/div>\n<div class=\"kc-elm kc-css-533953\" style=\"height: 20px; clear: both; width:100%;\"><\/div>\n<div class=\"kc-elm kc-css-586839\">\n\t<a class=\"kc_button\" href=\"https:\/\/www.posgraduacao.unimontes.br\/ppgcps\/lista-de-candidatos-aptos-e-nao-aptos-edital-processo-seletivo-ppgcps-2023-2024\/\" target=\"_blank\" title=\"\" onclick=\"\">\n\t\tCandidatos aptos a participar do processo seletivo\t<\/a>\n<\/div>\n<div class=\"kc-elm kc-css-751218\" style=\"height: 20px; clear: both; width:100%;\"><\/div>\n<div class=\"kc-elm kc-css-914501\">\n\t<a class=\"kc_button\" href=\"https:\/\/www.posgraduacao.unimontes.br\/ppgcps\/edital-ppgcps-2023-2024\/\" target=\"_blank\" title=\"\" onclick=\"\">\n\t\tEdital\t<\/a>\n<\/div>\n<div class=\"kc-elm kc-css-729376\" style=\"height: 20px; clear: both; width:100%;\"><\/div><\/div><\/div><\/div><\/div><\/section>\n","protected":false},"excerpt":{"rendered":"","protected":false},"author":17,"featured_media":0,"comment_status":"closed","ping_status":"closed","sticky":false,"template":"","format":"standard","meta":[],"categories":[1],"tags":[],"yoast_head":"<!-- This site is optimized with the Yoast SEO plugin v14.7 - https:\/\/yoast.com\/wordpress\/plugins\/seo\/ -->\n<title>Processo Seletivo \u2013 Mestrado Profissional em Cuidado Prim\u00e1rio em Sa\u00fade (2023\/2024) - Programa de P\u00f3s Gradua\u00e7\u00e3o em Cuidado Prim\u00e1rio em Sa\u00fade<\/title>\n<meta name=\"robots\" content=\"index, follow\" \/>\n<meta name=\"googlebot\" content=\"index, follow, max-snippet:-1, max-image-preview:large, max-video-preview:-1\" \/>\n<meta name=\"bingbot\" content=\"index, follow, max-snippet:-1, max-image-preview:large, max-video-preview:-1\" \/>\n<link rel=\"canonical\" href=\"https:\/\/www.posgraduacao.unimontes.br\/ppgcps\/2023\/10\/27\/processo-seletivo-mestrado-profissional-em-cuidado-primario-em-saude\/\" \/>\n<meta property=\"og:locale\" content=\"pt_BR\" \/>\n<meta property=\"og:type\" content=\"article\" \/>\n<meta property=\"og:title\" content=\"Processo Seletivo \u2013 Mestrado Profissional em Cuidado Prim\u00e1rio em Sa\u00fade (2023\/2024) - Programa de P\u00f3s Gradua\u00e7\u00e3o em Cuidado Prim\u00e1rio em Sa\u00fade\" \/>\n<meta property=\"og:description\" content=\"4\u00b0 Chamada da lista de espera 3\u00b0 Chamada da lista de espera 2\u00b0 Chamada da lista de espera 1\u00b0 Chamada da lista de espera 2\u00b0 Retifica\u00e7\u00e3o do Resultado Final Resultado Final (Retificado) Resultado Final Resultado Preliminar (Retificado) Resultado dos Recursos Resultado Preliminar Candidatos aptos a participar do processo seletivo &#8211; AP\u00d3S RECURSOS 1\u00aa Retifica\u00e7\u00e3o do [&hellip;]\" \/>\n<meta property=\"og:url\" content=\"https:\/\/www.posgraduacao.unimontes.br\/ppgcps\/2023\/10\/27\/processo-seletivo-mestrado-profissional-em-cuidado-primario-em-saude\/\" \/>\n<meta property=\"og:site_name\" content=\"Programa de P\u00f3s Gradua\u00e7\u00e3o em Cuidado Prim\u00e1rio em Sa\u00fade\" \/>\n<meta property=\"article:published_time\" content=\"2023-10-27T19:03:12+00:00\" \/>\n<meta property=\"article:modified_time\" content=\"2024-10-17T14:53:57+00:00\" \/>\n<meta name=\"twitter:card\" content=\"summary_large_image\" \/>\n<script type=\"application\/ld+json\" class=\"yoast-schema-graph\">{\"@context\":\"https:\/\/schema.org\",\"@graph\":[{\"@type\":\"WebSite\",\"@id\":\"https:\/\/www.posgraduacao.unimontes.br\/ppgcps\/#website\",\"url\":\"https:\/\/www.posgraduacao.unimontes.br\/ppgcps\/\",\"name\":\"Programa de P\\u00f3s Gradua\\u00e7\\u00e3o em Cuidado Prim\\u00e1rio em Sa\\u00fade\",\"description\":\"\",\"potentialAction\":[{\"@type\":\"SearchAction\",\"target\":\"https:\/\/www.posgraduacao.unimontes.br\/ppgcps\/?s={search_term_string}\",\"query-input\":\"required name=search_term_string\"}],\"inLanguage\":\"pt-BR\"},{\"@type\":\"WebPage\",\"@id\":\"https:\/\/www.posgraduacao.unimontes.br\/ppgcps\/2023\/10\/27\/processo-seletivo-mestrado-profissional-em-cuidado-primario-em-saude\/#webpage\",\"url\":\"https:\/\/www.posgraduacao.unimontes.br\/ppgcps\/2023\/10\/27\/processo-seletivo-mestrado-profissional-em-cuidado-primario-em-saude\/\",\"name\":\"Processo Seletivo \\u2013 Mestrado Profissional em Cuidado Prim\\u00e1rio em Sa\\u00fade (2023\/2024) - Programa de P\\u00f3s Gradua\\u00e7\\u00e3o em Cuidado Prim\\u00e1rio em Sa\\u00fade\",\"isPartOf\":{\"@id\":\"https:\/\/www.posgraduacao.unimontes.br\/ppgcps\/#website\"},\"datePublished\":\"2023-10-27T19:03:12+00:00\",\"dateModified\":\"2024-10-17T14:53:57+00:00\",\"author\":{\"@id\":\"https:\/\/www.posgraduacao.unimontes.br\/ppgcps\/#\/schema\/person\/5a2099b35871c9644d9fd3d956dd6356\"},\"inLanguage\":\"pt-BR\",\"potentialAction\":[{\"@type\":\"ReadAction\",\"target\":[\"https:\/\/www.posgraduacao.unimontes.br\/ppgcps\/2023\/10\/27\/processo-seletivo-mestrado-profissional-em-cuidado-primario-em-saude\/\"]}]},{\"@type\":[\"Person\"],\"@id\":\"https:\/\/www.posgraduacao.unimontes.br\/ppgcps\/#\/schema\/person\/5a2099b35871c9644d9fd3d956dd6356\",\"name\":\"ppgcps\"}]}<\/script>\n<!-- \/ Yoast SEO plugin. -->","_links":{"self":[{"href":"https:\/\/www.posgraduacao.unimontes.br\/ppgcps\/wp-json\/wp\/v2\/posts\/2188"}],"collection":[{"href":"https:\/\/www.posgraduacao.unimontes.br\/ppgcps\/wp-json\/wp\/v2\/posts"}],"about":[{"href":"https:\/\/www.posgraduacao.unimontes.br\/ppgcps\/wp-json\/wp\/v2\/types\/post"}],"author":[{"embeddable":true,"href":"https:\/\/www.posgraduacao.unimontes.br\/ppgcps\/wp-json\/wp\/v2\/users\/17"}],"replies":[{"embeddable":true,"href":"https:\/\/www.posgraduacao.unimontes.br\/ppgcps\/wp-json\/wp\/v2\/comments?post=2188"}],"version-history":[{"count":8,"href":"https:\/\/www.posgraduacao.unimontes.br\/ppgcps\/wp-json\/wp\/v2\/posts\/2188\/revisions"}],"predecessor-version":[{"id":2553,"href":"https:\/\/www.posgraduacao.unimontes.br\/ppgcps\/wp-json\/wp\/v2\/posts\/2188\/revisions\/2553"}],"wp:attachment":[{"href":"https:\/\/www.posgraduacao.unimontes.br\/ppgcps\/wp-json\/wp\/v2\/media?parent=2188"}],"wp:term":[{"taxonomy":"category","embeddable":true,"href":"https:\/\/www.posgraduacao.unimontes.br\/ppgcps\/wp-json\/wp\/v2\/categories?post=2188"},{"taxonomy":"post_tag","embeddable":true,"href":"https:\/\/www.posgraduacao.unimontes.br\/ppgcps\/wp-json\/wp\/v2\/tags?post=2188"}],"curies":[{"name":"wp","href":"https:\/\/api.w.org\/{rel}","templated":true}]}}