{"id":2625,"date":"2024-09-25T13:05:25","date_gmt":"2024-09-25T16:05:25","guid":{"rendered":"https:\/\/www.posgraduacao.unimontes.br\/ppgbot\/?p=2625"},"modified":"2024-09-25T13:05:26","modified_gmt":"2024-09-25T16:05:26","slug":"participacao-do-ppgbot-no-ii-congresso-internacional-da-unimontes-do-peld-vere","status":"publish","type":"post","link":"https:\/\/www.posgraduacao.unimontes.br\/ppgbot\/2024\/09\/25\/participacao-do-ppgbot-no-ii-congresso-internacional-da-unimontes-do-peld-vere\/","title":{"rendered":"Participa\u00e7\u00e3o do PPGBot no II Congresso Internacional da Unimontes do PELD-VERE"},"content":{"rendered":"\n<p>Participa\u00e7\u00e3o do PPGBot no II Congresso Internacional da Unimontes do PELD-VERE.<\/p>\n\n\n\n<p>Os professores representaram o PPGBot neste evento, com a Mesa-Redonda: Ambiente, tradi\u00e7\u00e3o e sustentabilidade &#8211; Projeto PELD-VERE.<\/p>\n\n\n\n<p>Ministrando as palestras:<\/p>\n\n\n\n<p>Tema 1: Conhecendo o PELD-VERE<br>\nProf.\u00aa. Dr.\u00aa. Yule Roberta Ferreira Nunes <\/p>\n\n\n\n<p>Tema 2: Estudos dos servi\u00e7os ecossist\u00eamicos em veredas<br> Prof. Dr. Walter Santos de Ara\u00fajo<\/p>\n\n\n\n<figure class=\"wp-block-image size-large\"><img loading=\"lazy\" width=\"1024\" height=\"1024\" src=\"https:\/\/www.posgraduacao.unimontes.br\/uploads\/sites\/17\/2024\/09\/PPGBot-Defesas-de-Disserta\u00e7\u00e3o-3-1024x1024.png\" alt=\"\" class=\"wp-image-2626\" srcset=\"https:\/\/www.posgraduacao.unimontes.br\/uploads\/sites\/17\/2024\/09\/PPGBot-Defesas-de-Disserta\u00e7\u00e3o-3-1024x1024.png 1024w, https:\/\/www.posgraduacao.unimontes.br\/uploads\/sites\/17\/2024\/09\/PPGBot-Defesas-de-Disserta\u00e7\u00e3o-3-300x300.png 300w, https:\/\/www.posgraduacao.unimontes.br\/uploads\/sites\/17\/2024\/09\/PPGBot-Defesas-de-Disserta\u00e7\u00e3o-3-150x150.png 150w, https:\/\/www.posgraduacao.unimontes.br\/uploads\/sites\/17\/2024\/09\/PPGBot-Defesas-de-Disserta\u00e7\u00e3o-3-768x768.png 768w, https:\/\/www.posgraduacao.unimontes.br\/uploads\/sites\/17\/2024\/09\/PPGBot-Defesas-de-Disserta\u00e7\u00e3o-3.png 1080w\" sizes=\"(max-width: 1024px) 100vw, 1024px\" \/><\/figure>\n","protected":false},"excerpt":{"rendered":"<p>Participa\u00e7\u00e3o do PPGBot no II Congresso Internacional da Unimontes do PELD-VERE. Os professores representaram o PPGBot neste evento, com a Mesa-Redonda: Ambiente, tradi\u00e7\u00e3o e sustentabilidade &#8211; Projeto PELD-VERE. Ministrando as palestras: Tema 1: Conhecendo o PELD-VERE Prof.\u00aa. Dr.\u00aa. Yule Roberta Ferreira Nunes Tema 2: Estudos dos servi\u00e7os ecossist\u00eamicos em veredas Prof. Dr. Walter Santos de [&hellip;]<\/p>\n","protected":false},"author":13,"featured_media":2626,"comment_status":"closed","ping_status":"closed","sticky":false,"template":"","format":"standard","meta":[],"categories":[10,8],"tags":[],"yoast_head":"<!-- This site is optimized with the Yoast SEO plugin v14.7 - https:\/\/yoast.com\/wordpress\/plugins\/seo\/ -->\n<title>Participa\u00e7\u00e3o do PPGBot no II Congresso Internacional da Unimontes do PELD-VERE - PPGBOT - P\u00f3s Gradua\u00e7\u00e3o em Bot\u00e2nica Aplicada<\/title>\n<meta name=\"robots\" content=\"index, follow\" \/>\n<meta name=\"googlebot\" content=\"index, follow, max-snippet:-1, max-image-preview:large, max-video-preview:-1\" \/>\n<meta name=\"bingbot\" content=\"index, follow, max-snippet:-1, max-image-preview:large, max-video-preview:-1\" \/>\n<link rel=\"canonical\" href=\"https:\/\/www.posgraduacao.unimontes.br\/ppgbot\/2024\/09\/25\/participacao-do-ppgbot-no-ii-congresso-internacional-da-unimontes-do-peld-vere\/\" \/>\n<meta property=\"og:locale\" content=\"pt_BR\" \/>\n<meta property=\"og:type\" content=\"article\" \/>\n<meta property=\"og:title\" content=\"Participa\u00e7\u00e3o do PPGBot no II Congresso Internacional da Unimontes do PELD-VERE - PPGBOT - P\u00f3s Gradua\u00e7\u00e3o em Bot\u00e2nica Aplicada\" \/>\n<meta property=\"og:description\" content=\"Participa\u00e7\u00e3o do PPGBot no II Congresso Internacional da Unimontes do PELD-VERE. Os professores representaram o PPGBot neste evento, com a Mesa-Redonda: Ambiente, tradi\u00e7\u00e3o e sustentabilidade &#8211; Projeto PELD-VERE. Ministrando as palestras: Tema 1: Conhecendo o PELD-VERE Prof.\u00aa. Dr.\u00aa. Yule Roberta Ferreira Nunes Tema 2: Estudos dos servi\u00e7os ecossist\u00eamicos em veredas Prof. Dr. Walter Santos de [&hellip;]\" \/>\n<meta property=\"og:url\" content=\"https:\/\/www.posgraduacao.unimontes.br\/ppgbot\/2024\/09\/25\/participacao-do-ppgbot-no-ii-congresso-internacional-da-unimontes-do-peld-vere\/\" \/>\n<meta property=\"og:site_name\" content=\"PPGBOT - P\u00f3s Gradua\u00e7\u00e3o em Bot\u00e2nica Aplicada\" \/>\n<meta property=\"article:published_time\" content=\"2024-09-25T16:05:25+00:00\" \/>\n<meta property=\"article:modified_time\" content=\"2024-09-25T16:05:26+00:00\" \/>\n<meta property=\"og:image\" content=\"https:\/\/www.posgraduacao.unimontes.br\/uploads\/sites\/17\/2024\/09\/PPGBot-Defesas-de-Disserta\u00e7\u00e3o-3.png\" \/>\n\t<meta property=\"og:image:width\" content=\"1080\" \/>\n\t<meta property=\"og:image:height\" content=\"1080\" \/>\n<meta name=\"twitter:card\" content=\"summary_large_image\" \/>\n<script type=\"application\/ld+json\" class=\"yoast-schema-graph\">{\"@context\":\"https:\/\/schema.org\",\"@graph\":[{\"@type\":\"WebSite\",\"@id\":\"https:\/\/www.posgraduacao.unimontes.br\/ppgbot\/#website\",\"url\":\"https:\/\/www.posgraduacao.unimontes.br\/ppgbot\/\",\"name\":\"PPGBOT - P\\u00f3s Gradua\\u00e7\\u00e3o em Bot\\u00e2nica Aplicada\",\"description\":\"\",\"potentialAction\":[{\"@type\":\"SearchAction\",\"target\":\"https:\/\/www.posgraduacao.unimontes.br\/ppgbot\/?s={search_term_string}\",\"query-input\":\"required name=search_term_string\"}],\"inLanguage\":\"pt-BR\"},{\"@type\":\"ImageObject\",\"@id\":\"https:\/\/www.posgraduacao.unimontes.br\/ppgbot\/2024\/09\/25\/participacao-do-ppgbot-no-ii-congresso-internacional-da-unimontes-do-peld-vere\/#primaryimage\",\"inLanguage\":\"pt-BR\",\"url\":\"https:\/\/www.posgraduacao.unimontes.br\/uploads\/sites\/17\/2024\/09\/PPGBot-Defesas-de-Disserta\\u00e7\\u00e3o-3.png\",\"width\":1080,\"height\":1080},{\"@type\":\"WebPage\",\"@id\":\"https:\/\/www.posgraduacao.unimontes.br\/ppgbot\/2024\/09\/25\/participacao-do-ppgbot-no-ii-congresso-internacional-da-unimontes-do-peld-vere\/#webpage\",\"url\":\"https:\/\/www.posgraduacao.unimontes.br\/ppgbot\/2024\/09\/25\/participacao-do-ppgbot-no-ii-congresso-internacional-da-unimontes-do-peld-vere\/\",\"name\":\"Participa\\u00e7\\u00e3o do PPGBot no II Congresso Internacional da Unimontes do PELD-VERE - PPGBOT - P\\u00f3s Gradua\\u00e7\\u00e3o em Bot\\u00e2nica Aplicada\",\"isPartOf\":{\"@id\":\"https:\/\/www.posgraduacao.unimontes.br\/ppgbot\/#website\"},\"primaryImageOfPage\":{\"@id\":\"https:\/\/www.posgraduacao.unimontes.br\/ppgbot\/2024\/09\/25\/participacao-do-ppgbot-no-ii-congresso-internacional-da-unimontes-do-peld-vere\/#primaryimage\"},\"datePublished\":\"2024-09-25T16:05:25+00:00\",\"dateModified\":\"2024-09-25T16:05:26+00:00\",\"author\":{\"@id\":\"https:\/\/www.posgraduacao.unimontes.br\/ppgbot\/#\/schema\/person\/e83ef99653a83504c69eccb32798285e\"},\"inLanguage\":\"pt-BR\",\"potentialAction\":[{\"@type\":\"ReadAction\",\"target\":[\"https:\/\/www.posgraduacao.unimontes.br\/ppgbot\/2024\/09\/25\/participacao-do-ppgbot-no-ii-congresso-internacional-da-unimontes-do-peld-vere\/\"]}]},{\"@type\":[\"Person\"],\"@id\":\"https:\/\/www.posgraduacao.unimontes.br\/ppgbot\/#\/schema\/person\/e83ef99653a83504c69eccb32798285e\",\"name\":\"botanica\",\"image\":{\"@type\":\"ImageObject\",\"@id\":\"https:\/\/www.posgraduacao.unimontes.br\/ppgbot\/#personlogo\",\"inLanguage\":\"pt-BR\",\"url\":\"https:\/\/secure.gravatar.com\/avatar\/9f15258abf96772c3670e972d7de94f5?s=96&d=mm&r=g\",\"caption\":\"botanica\"}}]}<\/script>\n<!-- \/ Yoast SEO plugin. -->","_links":{"self":[{"href":"https:\/\/www.posgraduacao.unimontes.br\/ppgbot\/wp-json\/wp\/v2\/posts\/2625"}],"collection":[{"href":"https:\/\/www.posgraduacao.unimontes.br\/ppgbot\/wp-json\/wp\/v2\/posts"}],"about":[{"href":"https:\/\/www.posgraduacao.unimontes.br\/ppgbot\/wp-json\/wp\/v2\/types\/post"}],"author":[{"embeddable":true,"href":"https:\/\/www.posgraduacao.unimontes.br\/ppgbot\/wp-json\/wp\/v2\/users\/13"}],"replies":[{"embeddable":true,"href":"https:\/\/www.posgraduacao.unimontes.br\/ppgbot\/wp-json\/wp\/v2\/comments?post=2625"}],"version-history":[{"count":1,"href":"https:\/\/www.posgraduacao.unimontes.br\/ppgbot\/wp-json\/wp\/v2\/posts\/2625\/revisions"}],"predecessor-version":[{"id":2627,"href":"https:\/\/www.posgraduacao.unimontes.br\/ppgbot\/wp-json\/wp\/v2\/posts\/2625\/revisions\/2627"}],"wp:featuredmedia":[{"embeddable":true,"href":"https:\/\/www.posgraduacao.unimontes.br\/ppgbot\/wp-json\/wp\/v2\/media\/2626"}],"wp:attachment":[{"href":"https:\/\/www.posgraduacao.unimontes.br\/ppgbot\/wp-json\/wp\/v2\/media?parent=2625"}],"wp:term":[{"taxonomy":"category","embeddable":true,"href":"https:\/\/www.posgraduacao.unimontes.br\/ppgbot\/wp-json\/wp\/v2\/categories?post=2625"},{"taxonomy":"post_tag","embeddable":true,"href":"https:\/\/www.posgraduacao.unimontes.br\/ppgbot\/wp-json\/wp\/v2\/tags?post=2625"}],"curies":[{"name":"wp","href":"https:\/\/api.w.org\/{rel}","templated":true}]}}