{"id":174,"date":"2018-10-31T11:34:50","date_gmt":"2018-10-31T13:34:50","guid":{"rendered":"http:\/\/www.posgraduacao.unimontes.br\/ppgba\/?p=174"},"modified":"2019-11-22T11:36:38","modified_gmt":"2019-11-22T14:36:38","slug":"feira-de-biologia","status":"publish","type":"post","link":"https:\/\/www.posgraduacao.unimontes.br\/ppgbot\/2018\/10\/31\/feira-de-biologia\/","title":{"rendered":"70\u00b0 Congresso Nacional de Bot\u00e2nica"},"content":{"rendered":"<p>O Congresso Nacional de Bot\u00e2nica que ser\u00e1 realizado pela segunda vez, ap\u00f3s 37 anos, em MACEI\u00d3, AL, no per\u00edodo de 20 a 25 de outubro de 2019, no Centro Cultural e de Exposi\u00e7\u00f5es Ruth Cardoso.<\/p>\n<p>Este importante evento para a Ci\u00eancia brasileira e internacional acontecer\u00e1 em uma regi\u00e3o onde h\u00e1 representatividade de v\u00e1rios biomas, como Caatinga, Mata Atl\u00e2ntica, Cerrado, incluindo diferentes tipos de vegeta\u00e7\u00f5es, tais como restinga, manguezal, mata de brejo, sem esquecer os ambientes marinhos e lagunares. Voltando o olhar para tamanha riqueza definimos o tema \u201cVALORIZANDO A DIVERSIDADE VEGETAL, PROTEGENDO BIOMAS NORDESTINOS\u201d, para assim apresent\u00e1-la \u00e0 comunidade bot\u00e2nica, que passar\u00e1 n\u00e3o somente a conhec\u00ea-la, mas tamb\u00e9m valoriz\u00e1-la e proteg\u00ea-la.<\/p>\n<p>Mais informa\u00e7\u00f5es&nbsp;<a href=\"http:\/\/70cnbot.botanica.org.br\">http:\/\/70cnbot.botanica.org.br<\/a><\/p>\n","protected":false},"excerpt":{"rendered":"<p>O Congresso Nacional de Bot\u00e2nica que ser\u00e1 realizado pela segunda vez, ap\u00f3s 37 anos, em MACEI\u00d3, AL, no per\u00edodo de 20 a 25 de outubro de 2019, no Centro Cultural e de Exposi\u00e7\u00f5es Ruth Cardoso. Este importante evento para a Ci\u00eancia brasileira e internacional acontecer\u00e1 em uma regi\u00e3o onde h\u00e1 representatividade de v\u00e1rios biomas, como [&hellip;]<\/p>\n","protected":false},"author":5,"featured_media":317,"comment_status":"closed","ping_status":"closed","sticky":false,"template":"","format":"standard","meta":[],"categories":[10],"tags":[],"yoast_head":"<!-- This site is optimized with the Yoast SEO plugin v14.7 - https:\/\/yoast.com\/wordpress\/plugins\/seo\/ -->\n<title>70\u00b0 Congresso Nacional de Bot\u00e2nica - PPGBOT - P\u00f3s Gradua\u00e7\u00e3o em Bot\u00e2nica Aplicada<\/title>\n<meta name=\"robots\" content=\"index, follow\" \/>\n<meta name=\"googlebot\" content=\"index, follow, max-snippet:-1, max-image-preview:large, max-video-preview:-1\" \/>\n<meta name=\"bingbot\" content=\"index, follow, max-snippet:-1, max-image-preview:large, max-video-preview:-1\" \/>\n<link rel=\"canonical\" href=\"https:\/\/www.posgraduacao.unimontes.br\/ppgbot\/2018\/10\/31\/feira-de-biologia\/\" \/>\n<meta property=\"og:locale\" content=\"pt_BR\" \/>\n<meta property=\"og:type\" content=\"article\" \/>\n<meta property=\"og:title\" content=\"70\u00b0 Congresso Nacional de Bot\u00e2nica - PPGBOT - P\u00f3s Gradua\u00e7\u00e3o em Bot\u00e2nica Aplicada\" \/>\n<meta property=\"og:description\" content=\"O Congresso Nacional de Bot\u00e2nica que ser\u00e1 realizado pela segunda vez, ap\u00f3s 37 anos, em MACEI\u00d3, AL, no per\u00edodo de 20 a 25 de outubro de 2019, no Centro Cultural e de Exposi\u00e7\u00f5es Ruth Cardoso. Este importante evento para a Ci\u00eancia brasileira e internacional acontecer\u00e1 em uma regi\u00e3o onde h\u00e1 representatividade de v\u00e1rios biomas, como [&hellip;]\" \/>\n<meta property=\"og:url\" content=\"https:\/\/www.posgraduacao.unimontes.br\/ppgbot\/2018\/10\/31\/feira-de-biologia\/\" \/>\n<meta property=\"og:site_name\" content=\"PPGBOT - P\u00f3s Gradua\u00e7\u00e3o em Bot\u00e2nica Aplicada\" \/>\n<meta property=\"article:published_time\" content=\"2018-10-31T13:34:50+00:00\" \/>\n<meta property=\"article:modified_time\" content=\"2019-11-22T14:36:38+00:00\" \/>\n<meta property=\"og:image\" content=\"https:\/\/www.posgraduacao.unimontes.br\/uploads\/sites\/17\/2018\/10\/Congresso-Botanica.png\" \/>\n\t<meta property=\"og:image:width\" content=\"450\" \/>\n\t<meta property=\"og:image:height\" content=\"134\" \/>\n<meta name=\"twitter:card\" content=\"summary_large_image\" \/>\n<script type=\"application\/ld+json\" class=\"yoast-schema-graph\">{\"@context\":\"https:\/\/schema.org\",\"@graph\":[{\"@type\":\"WebSite\",\"@id\":\"https:\/\/www.posgraduacao.unimontes.br\/ppgbot\/#website\",\"url\":\"https:\/\/www.posgraduacao.unimontes.br\/ppgbot\/\",\"name\":\"PPGBOT - P\\u00f3s Gradua\\u00e7\\u00e3o em Bot\\u00e2nica Aplicada\",\"description\":\"\",\"potentialAction\":[{\"@type\":\"SearchAction\",\"target\":\"https:\/\/www.posgraduacao.unimontes.br\/ppgbot\/?s={search_term_string}\",\"query-input\":\"required name=search_term_string\"}],\"inLanguage\":\"pt-BR\"},{\"@type\":\"ImageObject\",\"@id\":\"https:\/\/www.posgraduacao.unimontes.br\/ppgbot\/2018\/10\/31\/feira-de-biologia\/#primaryimage\",\"inLanguage\":\"pt-BR\",\"url\":\"https:\/\/www.posgraduacao.unimontes.br\/uploads\/sites\/17\/2018\/10\/Congresso-Botanica.png\",\"width\":450,\"height\":134},{\"@type\":\"WebPage\",\"@id\":\"https:\/\/www.posgraduacao.unimontes.br\/ppgbot\/2018\/10\/31\/feira-de-biologia\/#webpage\",\"url\":\"https:\/\/www.posgraduacao.unimontes.br\/ppgbot\/2018\/10\/31\/feira-de-biologia\/\",\"name\":\"70\\u00b0 Congresso Nacional de Bot\\u00e2nica - PPGBOT - P\\u00f3s Gradua\\u00e7\\u00e3o em Bot\\u00e2nica Aplicada\",\"isPartOf\":{\"@id\":\"https:\/\/www.posgraduacao.unimontes.br\/ppgbot\/#website\"},\"primaryImageOfPage\":{\"@id\":\"https:\/\/www.posgraduacao.unimontes.br\/ppgbot\/2018\/10\/31\/feira-de-biologia\/#primaryimage\"},\"datePublished\":\"2018-10-31T13:34:50+00:00\",\"dateModified\":\"2019-11-22T14:36:38+00:00\",\"author\":{\"@id\":\"https:\/\/www.posgraduacao.unimontes.br\/ppgbot\/#\/schema\/person\/179f7254a7c5ab4df76c5ce47bab5632\"},\"inLanguage\":\"pt-BR\",\"potentialAction\":[{\"@type\":\"ReadAction\",\"target\":[\"https:\/\/www.posgraduacao.unimontes.br\/ppgbot\/2018\/10\/31\/feira-de-biologia\/\"]}]},{\"@type\":[\"Person\"],\"@id\":\"https:\/\/www.posgraduacao.unimontes.br\/ppgbot\/#\/schema\/person\/179f7254a7c5ab4df76c5ce47bab5632\",\"name\":\"dtiunimontes\",\"image\":{\"@type\":\"ImageObject\",\"@id\":\"https:\/\/www.posgraduacao.unimontes.br\/ppgbot\/#personlogo\",\"inLanguage\":\"pt-BR\",\"url\":\"https:\/\/secure.gravatar.com\/avatar\/eb370823067fe581fcdcd0ff318d2219?s=96&d=mm&r=g\",\"caption\":\"dtiunimontes\"}}]}<\/script>\n<!-- \/ Yoast SEO plugin. -->","_links":{"self":[{"href":"https:\/\/www.posgraduacao.unimontes.br\/ppgbot\/wp-json\/wp\/v2\/posts\/174"}],"collection":[{"href":"https:\/\/www.posgraduacao.unimontes.br\/ppgbot\/wp-json\/wp\/v2\/posts"}],"about":[{"href":"https:\/\/www.posgraduacao.unimontes.br\/ppgbot\/wp-json\/wp\/v2\/types\/post"}],"author":[{"embeddable":true,"href":"https:\/\/www.posgraduacao.unimontes.br\/ppgbot\/wp-json\/wp\/v2\/users\/5"}],"replies":[{"embeddable":true,"href":"https:\/\/www.posgraduacao.unimontes.br\/ppgbot\/wp-json\/wp\/v2\/comments?post=174"}],"version-history":[{"count":4,"href":"https:\/\/www.posgraduacao.unimontes.br\/ppgbot\/wp-json\/wp\/v2\/posts\/174\/revisions"}],"predecessor-version":[{"id":746,"href":"https:\/\/www.posgraduacao.unimontes.br\/ppgbot\/wp-json\/wp\/v2\/posts\/174\/revisions\/746"}],"wp:featuredmedia":[{"embeddable":true,"href":"https:\/\/www.posgraduacao.unimontes.br\/ppgbot\/wp-json\/wp\/v2\/media\/317"}],"wp:attachment":[{"href":"https:\/\/www.posgraduacao.unimontes.br\/ppgbot\/wp-json\/wp\/v2\/media?parent=174"}],"wp:term":[{"taxonomy":"category","embeddable":true,"href":"https:\/\/www.posgraduacao.unimontes.br\/ppgbot\/wp-json\/wp\/v2\/categories?post=174"},{"taxonomy":"post_tag","embeddable":true,"href":"https:\/\/www.posgraduacao.unimontes.br\/ppgbot\/wp-json\/wp\/v2\/tags?post=174"}],"curies":[{"name":"wp","href":"https:\/\/api.w.org\/{rel}","templated":true}]}}