{"id":1733,"date":"2022-05-10T11:38:37","date_gmt":"2022-05-10T14:38:37","guid":{"rendered":"https:\/\/www.posgraduacao.unimontes.br\/ppgbot\/?p=1733"},"modified":"2022-05-10T12:01:16","modified_gmt":"2022-05-10T15:01:16","slug":"publicacao-do-nosso-grupo-de-pesquisa-traz-informacoes-importantes-sobre-as-consequencias-do-secamento-das-veredas","status":"publish","type":"post","link":"https:\/\/www.posgraduacao.unimontes.br\/ppgbot\/2022\/05\/10\/publicacao-do-nosso-grupo-de-pesquisa-traz-informacoes-importantes-sobre-as-consequencias-do-secamento-das-veredas\/","title":{"rendered":"Publica\u00e7\u00e3o do nosso grupo de pesquisa traz informa\u00e7\u00f5es importantes sobre as consequ\u00eancias do secamento das Veredas"},"content":{"rendered":"\n<p class=\"has-text-align-center\">As veredas do Norte de Minas est\u00e3o passando por modifica\u00e7\u00f5es devido ao secamento!<\/p>\n\n\n\n<p>Veredas s\u00e3o \u00e1reas \u00famidas do cerrado, marcadas pela presen\u00e7a da palmeira buriti. Modifica\u00e7\u00f5es nesses ecossistemas, devido ao secamento e rebaixamento no n\u00edvel do len\u00e7ol fre\u00e1tico, podem levar a altera\u00e7\u00f5es na ocorr\u00eancia das esp\u00e9cies vegetais. Nesse estudo do PELD Veredas avaliamos a composi\u00e7\u00e3o da flora e descrevemos o perfil da vegeta\u00e7\u00e3o atual de duas veredas sob diferentes n\u00edveis de perturba\u00e7\u00e3o que est\u00e3o localizadas no norte de Minas Gerais. <\/p>\n\n\n\n<p>Nossos resultados mostraram que as duas veredas s\u00e3o floristicamente diferentes quanto \u00e0 composi\u00e7\u00e3o de arvores e arbustos, riqueza e diversidade de esp\u00e9cies. Dessa forma, a composi\u00e7\u00e3o de esp\u00e9cies vem sofrendo modifica\u00e7\u00f5es devido a fatores antropog\u00eanicos que levam ao secamento dessas forma\u00e7\u00f5es. Essas modifica\u00e7\u00f5es incluem a expans\u00e3o e aumento da abund\u00e2ncia de esp\u00e9cies t\u00edpicas de \u00e1reas mais secas do Cerrado e resistentes a solos menos saturados.<\/p>\n\n\n\n<p> <a href=\"https:\/\/www.posgraduacao.unimontes.br\/uploads\/sites\/17\/2022\/05\/Vegetation-structure-and-edaphic-factors-in-veredas-reflect-different-conservation-status-in-these-threatened-areas.pdf\">Vegetation structure and edaphic factors in veredas reflect different conservation status in these threatened areas   <\/a><\/p>\n\n\n\n<p><\/p>\n","protected":false},"excerpt":{"rendered":"<p>As veredas do Norte de Minas est\u00e3o passando por modifica\u00e7\u00f5es devido ao secamento! Veredas s\u00e3o \u00e1reas \u00famidas do cerrado, marcadas pela presen\u00e7a da palmeira buriti. Modifica\u00e7\u00f5es nesses ecossistemas, devido ao secamento e rebaixamento no n\u00edvel do len\u00e7ol fre\u00e1tico, podem levar a altera\u00e7\u00f5es na ocorr\u00eancia das esp\u00e9cies vegetais. Nesse estudo do PELD Veredas avaliamos a composi\u00e7\u00e3o [&hellip;]<\/p>\n","protected":false},"author":13,"featured_media":0,"comment_status":"closed","ping_status":"closed","sticky":false,"template":"","format":"standard","meta":[],"categories":[7,8],"tags":[],"yoast_head":"<!-- This site is optimized with the Yoast SEO plugin v14.7 - https:\/\/yoast.com\/wordpress\/plugins\/seo\/ -->\n<title>Publica\u00e7\u00e3o do nosso grupo de pesquisa traz informa\u00e7\u00f5es importantes sobre as consequ\u00eancias do secamento das Veredas - PPGBOT - P\u00f3s Gradua\u00e7\u00e3o em Bot\u00e2nica Aplicada<\/title>\n<meta name=\"robots\" content=\"index, follow\" \/>\n<meta name=\"googlebot\" content=\"index, follow, max-snippet:-1, max-image-preview:large, max-video-preview:-1\" \/>\n<meta name=\"bingbot\" content=\"index, follow, max-snippet:-1, max-image-preview:large, max-video-preview:-1\" \/>\n<link rel=\"canonical\" href=\"https:\/\/www.posgraduacao.unimontes.br\/ppgbot\/2022\/05\/10\/publicacao-do-nosso-grupo-de-pesquisa-traz-informacoes-importantes-sobre-as-consequencias-do-secamento-das-veredas\/\" \/>\n<meta property=\"og:locale\" content=\"pt_BR\" \/>\n<meta property=\"og:type\" content=\"article\" \/>\n<meta property=\"og:title\" content=\"Publica\u00e7\u00e3o do nosso grupo de pesquisa traz informa\u00e7\u00f5es importantes sobre as consequ\u00eancias do secamento das Veredas - PPGBOT - P\u00f3s Gradua\u00e7\u00e3o em Bot\u00e2nica Aplicada\" \/>\n<meta property=\"og:description\" content=\"As veredas do Norte de Minas est\u00e3o passando por modifica\u00e7\u00f5es devido ao secamento! Veredas s\u00e3o \u00e1reas \u00famidas do cerrado, marcadas pela presen\u00e7a da palmeira buriti. Modifica\u00e7\u00f5es nesses ecossistemas, devido ao secamento e rebaixamento no n\u00edvel do len\u00e7ol fre\u00e1tico, podem levar a altera\u00e7\u00f5es na ocorr\u00eancia das esp\u00e9cies vegetais. Nesse estudo do PELD Veredas avaliamos a composi\u00e7\u00e3o [&hellip;]\" \/>\n<meta property=\"og:url\" content=\"https:\/\/www.posgraduacao.unimontes.br\/ppgbot\/2022\/05\/10\/publicacao-do-nosso-grupo-de-pesquisa-traz-informacoes-importantes-sobre-as-consequencias-do-secamento-das-veredas\/\" \/>\n<meta property=\"og:site_name\" content=\"PPGBOT - P\u00f3s Gradua\u00e7\u00e3o em Bot\u00e2nica Aplicada\" \/>\n<meta property=\"article:published_time\" content=\"2022-05-10T14:38:37+00:00\" \/>\n<meta property=\"article:modified_time\" content=\"2022-05-10T15:01:16+00:00\" \/>\n<meta name=\"twitter:card\" content=\"summary_large_image\" \/>\n<script type=\"application\/ld+json\" class=\"yoast-schema-graph\">{\"@context\":\"https:\/\/schema.org\",\"@graph\":[{\"@type\":\"WebSite\",\"@id\":\"https:\/\/www.posgraduacao.unimontes.br\/ppgbot\/#website\",\"url\":\"https:\/\/www.posgraduacao.unimontes.br\/ppgbot\/\",\"name\":\"PPGBOT - P\\u00f3s Gradua\\u00e7\\u00e3o em Bot\\u00e2nica Aplicada\",\"description\":\"\",\"potentialAction\":[{\"@type\":\"SearchAction\",\"target\":\"https:\/\/www.posgraduacao.unimontes.br\/ppgbot\/?s={search_term_string}\",\"query-input\":\"required name=search_term_string\"}],\"inLanguage\":\"pt-BR\"},{\"@type\":\"WebPage\",\"@id\":\"https:\/\/www.posgraduacao.unimontes.br\/ppgbot\/2022\/05\/10\/publicacao-do-nosso-grupo-de-pesquisa-traz-informacoes-importantes-sobre-as-consequencias-do-secamento-das-veredas\/#webpage\",\"url\":\"https:\/\/www.posgraduacao.unimontes.br\/ppgbot\/2022\/05\/10\/publicacao-do-nosso-grupo-de-pesquisa-traz-informacoes-importantes-sobre-as-consequencias-do-secamento-das-veredas\/\",\"name\":\"Publica\\u00e7\\u00e3o do nosso grupo de pesquisa traz informa\\u00e7\\u00f5es importantes sobre as consequ\\u00eancias do secamento das Veredas - PPGBOT - P\\u00f3s Gradua\\u00e7\\u00e3o em Bot\\u00e2nica Aplicada\",\"isPartOf\":{\"@id\":\"https:\/\/www.posgraduacao.unimontes.br\/ppgbot\/#website\"},\"datePublished\":\"2022-05-10T14:38:37+00:00\",\"dateModified\":\"2022-05-10T15:01:16+00:00\",\"author\":{\"@id\":\"https:\/\/www.posgraduacao.unimontes.br\/ppgbot\/#\/schema\/person\/e83ef99653a83504c69eccb32798285e\"},\"inLanguage\":\"pt-BR\",\"potentialAction\":[{\"@type\":\"ReadAction\",\"target\":[\"https:\/\/www.posgraduacao.unimontes.br\/ppgbot\/2022\/05\/10\/publicacao-do-nosso-grupo-de-pesquisa-traz-informacoes-importantes-sobre-as-consequencias-do-secamento-das-veredas\/\"]}]},{\"@type\":[\"Person\"],\"@id\":\"https:\/\/www.posgraduacao.unimontes.br\/ppgbot\/#\/schema\/person\/e83ef99653a83504c69eccb32798285e\",\"name\":\"botanica\",\"image\":{\"@type\":\"ImageObject\",\"@id\":\"https:\/\/www.posgraduacao.unimontes.br\/ppgbot\/#personlogo\",\"inLanguage\":\"pt-BR\",\"url\":\"https:\/\/secure.gravatar.com\/avatar\/9f15258abf96772c3670e972d7de94f5?s=96&d=mm&r=g\",\"caption\":\"botanica\"}}]}<\/script>\n<!-- \/ Yoast SEO plugin. -->","_links":{"self":[{"href":"https:\/\/www.posgraduacao.unimontes.br\/ppgbot\/wp-json\/wp\/v2\/posts\/1733"}],"collection":[{"href":"https:\/\/www.posgraduacao.unimontes.br\/ppgbot\/wp-json\/wp\/v2\/posts"}],"about":[{"href":"https:\/\/www.posgraduacao.unimontes.br\/ppgbot\/wp-json\/wp\/v2\/types\/post"}],"author":[{"embeddable":true,"href":"https:\/\/www.posgraduacao.unimontes.br\/ppgbot\/wp-json\/wp\/v2\/users\/13"}],"replies":[{"embeddable":true,"href":"https:\/\/www.posgraduacao.unimontes.br\/ppgbot\/wp-json\/wp\/v2\/comments?post=1733"}],"version-history":[{"count":2,"href":"https:\/\/www.posgraduacao.unimontes.br\/ppgbot\/wp-json\/wp\/v2\/posts\/1733\/revisions"}],"predecessor-version":[{"id":1736,"href":"https:\/\/www.posgraduacao.unimontes.br\/ppgbot\/wp-json\/wp\/v2\/posts\/1733\/revisions\/1736"}],"wp:attachment":[{"href":"https:\/\/www.posgraduacao.unimontes.br\/ppgbot\/wp-json\/wp\/v2\/media?parent=1733"}],"wp:term":[{"taxonomy":"category","embeddable":true,"href":"https:\/\/www.posgraduacao.unimontes.br\/ppgbot\/wp-json\/wp\/v2\/categories?post=1733"},{"taxonomy":"post_tag","embeddable":true,"href":"https:\/\/www.posgraduacao.unimontes.br\/ppgbot\/wp-json\/wp\/v2\/tags?post=1733"}],"curies":[{"name":"wp","href":"https:\/\/api.w.org\/{rel}","templated":true}]}}