{"id":1466,"date":"2021-06-30T20:51:39","date_gmt":"2021-06-30T23:51:39","guid":{"rendered":"https:\/\/www.posgraduacao.unimontes.br\/ppgbot\/?p=1466"},"modified":"2021-06-30T21:25:42","modified_gmt":"2021-07-01T00:25:42","slug":"mesa-redonda-veredas-e-sua-especie-chave-buriti-origem-conservacao-e-ecologia","status":"publish","type":"post","link":"https:\/\/www.posgraduacao.unimontes.br\/ppgbot\/2021\/06\/30\/mesa-redonda-veredas-e-sua-especie-chave-buriti-origem-conservacao-e-ecologia\/","title":{"rendered":"Mesa Redonda: Veredas e sua esp\u00e9cie-chave (buriti): origem, conserva\u00e7\u00e3o e ecologia"},"content":{"rendered":"\n<figure class=\"wp-block-image size-large is-resized\"><img loading=\"lazy\" src=\"https:\/\/www.posgraduacao.unimontes.br\/uploads\/sites\/17\/2021\/06\/Mesa-redonda-01-1024x718.png\" alt=\"\" class=\"wp-image-1468\" width=\"589\" height=\"412\" \/><figcaption><br><\/figcaption><\/figure>\n\n\n\n<figure class=\"wp-block-image size-large is-resized\"><img loading=\"lazy\" src=\"https:\/\/www.posgraduacao.unimontes.br\/uploads\/sites\/17\/2021\/06\/01.png\" alt=\"\" class=\"wp-image-1470\" width=\"622\" height=\"654\" \/><\/figure>\n","protected":false},"excerpt":{"rendered":"","protected":false},"author":13,"featured_media":1468,"comment_status":"closed","ping_status":"closed","sticky":false,"template":"","format":"standard","meta":[],"categories":[9,7],"tags":[],"yoast_head":"<!-- This site is optimized with the Yoast SEO plugin v14.7 - https:\/\/yoast.com\/wordpress\/plugins\/seo\/ -->\n<title>Mesa Redonda: Veredas e sua esp\u00e9cie-chave (buriti): origem, conserva\u00e7\u00e3o e ecologia - PPGBOT - P\u00f3s Gradua\u00e7\u00e3o em Bot\u00e2nica Aplicada<\/title>\n<meta name=\"robots\" content=\"index, follow\" \/>\n<meta name=\"googlebot\" content=\"index, follow, max-snippet:-1, max-image-preview:large, max-video-preview:-1\" \/>\n<meta name=\"bingbot\" content=\"index, follow, max-snippet:-1, max-image-preview:large, max-video-preview:-1\" \/>\n<link rel=\"canonical\" href=\"https:\/\/www.posgraduacao.unimontes.br\/ppgbot\/2021\/06\/30\/mesa-redonda-veredas-e-sua-especie-chave-buriti-origem-conservacao-e-ecologia\/\" \/>\n<meta property=\"og:locale\" content=\"pt_BR\" \/>\n<meta property=\"og:type\" content=\"article\" \/>\n<meta property=\"og:title\" content=\"Mesa Redonda: Veredas e sua esp\u00e9cie-chave (buriti): origem, conserva\u00e7\u00e3o e ecologia - PPGBOT - P\u00f3s Gradua\u00e7\u00e3o em Bot\u00e2nica Aplicada\" \/>\n<meta property=\"og:url\" content=\"https:\/\/www.posgraduacao.unimontes.br\/ppgbot\/2021\/06\/30\/mesa-redonda-veredas-e-sua-especie-chave-buriti-origem-conservacao-e-ecologia\/\" \/>\n<meta property=\"og:site_name\" content=\"PPGBOT - P\u00f3s Gradua\u00e7\u00e3o em Bot\u00e2nica Aplicada\" \/>\n<meta property=\"article:published_time\" content=\"2021-06-30T23:51:39+00:00\" \/>\n<meta property=\"article:modified_time\" content=\"2021-07-01T00:25:42+00:00\" \/>\n<meta property=\"og:image\" content=\"https:\/\/www.posgraduacao.unimontes.br\/uploads\/sites\/17\/2021\/06\/Mesa-redonda-01.png\" \/>\n\t<meta property=\"og:image:width\" content=\"1096\" \/>\n\t<meta property=\"og:image:height\" content=\"718\" \/>\n<meta name=\"twitter:card\" content=\"summary_large_image\" \/>\n<script type=\"application\/ld+json\" class=\"yoast-schema-graph\">{\"@context\":\"https:\/\/schema.org\",\"@graph\":[{\"@type\":\"WebSite\",\"@id\":\"https:\/\/www.posgraduacao.unimontes.br\/ppgbot\/#website\",\"url\":\"https:\/\/www.posgraduacao.unimontes.br\/ppgbot\/\",\"name\":\"PPGBOT - P\\u00f3s Gradua\\u00e7\\u00e3o em Bot\\u00e2nica Aplicada\",\"description\":\"\",\"potentialAction\":[{\"@type\":\"SearchAction\",\"target\":\"https:\/\/www.posgraduacao.unimontes.br\/ppgbot\/?s={search_term_string}\",\"query-input\":\"required name=search_term_string\"}],\"inLanguage\":\"pt-BR\"},{\"@type\":\"ImageObject\",\"@id\":\"https:\/\/www.posgraduacao.unimontes.br\/ppgbot\/2021\/06\/30\/mesa-redonda-veredas-e-sua-especie-chave-buriti-origem-conservacao-e-ecologia\/#primaryimage\",\"inLanguage\":\"pt-BR\",\"url\":\"https:\/\/www.posgraduacao.unimontes.br\/uploads\/sites\/17\/2021\/06\/Mesa-redonda-01.png\",\"width\":1096,\"height\":718},{\"@type\":\"WebPage\",\"@id\":\"https:\/\/www.posgraduacao.unimontes.br\/ppgbot\/2021\/06\/30\/mesa-redonda-veredas-e-sua-especie-chave-buriti-origem-conservacao-e-ecologia\/#webpage\",\"url\":\"https:\/\/www.posgraduacao.unimontes.br\/ppgbot\/2021\/06\/30\/mesa-redonda-veredas-e-sua-especie-chave-buriti-origem-conservacao-e-ecologia\/\",\"name\":\"Mesa Redonda: Veredas e sua esp\\u00e9cie-chave (buriti): origem, conserva\\u00e7\\u00e3o e ecologia - PPGBOT - P\\u00f3s Gradua\\u00e7\\u00e3o em Bot\\u00e2nica Aplicada\",\"isPartOf\":{\"@id\":\"https:\/\/www.posgraduacao.unimontes.br\/ppgbot\/#website\"},\"primaryImageOfPage\":{\"@id\":\"https:\/\/www.posgraduacao.unimontes.br\/ppgbot\/2021\/06\/30\/mesa-redonda-veredas-e-sua-especie-chave-buriti-origem-conservacao-e-ecologia\/#primaryimage\"},\"datePublished\":\"2021-06-30T23:51:39+00:00\",\"dateModified\":\"2021-07-01T00:25:42+00:00\",\"author\":{\"@id\":\"https:\/\/www.posgraduacao.unimontes.br\/ppgbot\/#\/schema\/person\/e83ef99653a83504c69eccb32798285e\"},\"inLanguage\":\"pt-BR\",\"potentialAction\":[{\"@type\":\"ReadAction\",\"target\":[\"https:\/\/www.posgraduacao.unimontes.br\/ppgbot\/2021\/06\/30\/mesa-redonda-veredas-e-sua-especie-chave-buriti-origem-conservacao-e-ecologia\/\"]}]},{\"@type\":[\"Person\"],\"@id\":\"https:\/\/www.posgraduacao.unimontes.br\/ppgbot\/#\/schema\/person\/e83ef99653a83504c69eccb32798285e\",\"name\":\"botanica\",\"image\":{\"@type\":\"ImageObject\",\"@id\":\"https:\/\/www.posgraduacao.unimontes.br\/ppgbot\/#personlogo\",\"inLanguage\":\"pt-BR\",\"url\":\"https:\/\/secure.gravatar.com\/avatar\/9f15258abf96772c3670e972d7de94f5?s=96&d=mm&r=g\",\"caption\":\"botanica\"}}]}<\/script>\n<!-- \/ Yoast SEO plugin. -->","_links":{"self":[{"href":"https:\/\/www.posgraduacao.unimontes.br\/ppgbot\/wp-json\/wp\/v2\/posts\/1466"}],"collection":[{"href":"https:\/\/www.posgraduacao.unimontes.br\/ppgbot\/wp-json\/wp\/v2\/posts"}],"about":[{"href":"https:\/\/www.posgraduacao.unimontes.br\/ppgbot\/wp-json\/wp\/v2\/types\/post"}],"author":[{"embeddable":true,"href":"https:\/\/www.posgraduacao.unimontes.br\/ppgbot\/wp-json\/wp\/v2\/users\/13"}],"replies":[{"embeddable":true,"href":"https:\/\/www.posgraduacao.unimontes.br\/ppgbot\/wp-json\/wp\/v2\/comments?post=1466"}],"version-history":[{"count":2,"href":"https:\/\/www.posgraduacao.unimontes.br\/ppgbot\/wp-json\/wp\/v2\/posts\/1466\/revisions"}],"predecessor-version":[{"id":1472,"href":"https:\/\/www.posgraduacao.unimontes.br\/ppgbot\/wp-json\/wp\/v2\/posts\/1466\/revisions\/1472"}],"wp:featuredmedia":[{"embeddable":true,"href":"https:\/\/www.posgraduacao.unimontes.br\/ppgbot\/wp-json\/wp\/v2\/media\/1468"}],"wp:attachment":[{"href":"https:\/\/www.posgraduacao.unimontes.br\/ppgbot\/wp-json\/wp\/v2\/media?parent=1466"}],"wp:term":[{"taxonomy":"category","embeddable":true,"href":"https:\/\/www.posgraduacao.unimontes.br\/ppgbot\/wp-json\/wp\/v2\/categories?post=1466"},{"taxonomy":"post_tag","embeddable":true,"href":"https:\/\/www.posgraduacao.unimontes.br\/ppgbot\/wp-json\/wp\/v2\/tags?post=1466"}],"curies":[{"name":"wp","href":"https:\/\/api.w.org\/{rel}","templated":true}]}}